{"id":138881,"date":"2024-02-27T09:51:51","date_gmt":"2024-02-27T12:51:51","guid":{"rendered":"https:\/\/controllab.com\/?p=138881"},"modified":"2024-02-27T10:25:03","modified_gmt":"2024-02-27T13:25:03","slug":"controllab-participa-da-proxima-jornada-de-patologia-clinica-medicina-laboratorial","status":"publish","type":"post","link":"https:\/\/controllab.com\/es\/controllab-participa-da-proxima-jornada-de-patologia-clinica-medicina-laboratorial\/","title":{"rendered":"Controllab participa da pr\u00f3xima Jornada de Patologia Cl\u00ednica\/Medicina Laboratorial"},"content":{"rendered":"\t\t<div data-elementor-type=\"wp-post\" data-elementor-id=\"138881\" class=\"elementor elementor-138881 elementor-138875\" data-elementor-post-type=\"post\">\n\t\t\t\t\t\t<section class=\"has_ae_slider elementor-section elementor-top-section elementor-element elementor-element-6de6dc6 elementor-section-boxed elementor-section-height-default elementor-section-height-default ae-bg-gallery-type-default\" data-id=\"6de6dc6\" data-element_type=\"section\" data-e-type=\"section\">\n\t\t\t\t\t\t<div class=\"elementor-container elementor-column-gap-default\">\n\t\t\t\t\t<div class=\"has_ae_slider elementor-column elementor-col-100 elementor-top-column elementor-element elementor-element-97740d3 ae-bg-gallery-type-default\" data-id=\"97740d3\" data-element_type=\"column\" data-e-type=\"column\">\n\t\t\t<div class=\"elementor-widget-wrap elementor-element-populated\">\n\t\t\t\t\t\t<div class=\"elementor-element elementor-element-863c56b elementor-widget elementor-widget-text-editor\" data-id=\"863c56b\" data-element_type=\"widget\" data-e-type=\"widget\" data-widget_type=\"text-editor.default\">\n\t\t\t\t<div class=\"elementor-widget-container\">\n\t\t\t\t\t\t\t\t\t<p><em>A iniciativa, conduzida pela SBPC\/ML, ocorrer\u00e1 dia 16 de mar\u00e7o em Gramado, Rio Grande do Sul.<\/em><\/p>\t\t\t\t\t\t\t\t<\/div>\n\t\t\t\t<\/div>\n\t\t\t\t\t<\/div>\n\t\t<\/div>\n\t\t\t\t\t<\/div>\n\t\t<\/section>\n\t\t\t\t<section class=\"has_ae_slider elementor-section elementor-top-section elementor-element elementor-element-038ba8e elementor-section-boxed elementor-section-height-default elementor-section-height-default ae-bg-gallery-type-default\" data-id=\"038ba8e\" data-element_type=\"section\" data-e-type=\"section\">\n\t\t\t\t\t\t<div class=\"elementor-container elementor-column-gap-default\">\n\t\t\t\t\t<div class=\"has_ae_slider elementor-column elementor-col-100 elementor-top-column elementor-element elementor-element-aeb31d2 ae-bg-gallery-type-default\" data-id=\"aeb31d2\" data-element_type=\"column\" data-e-type=\"column\">\n\t\t\t<div class=\"elementor-widget-wrap elementor-element-populated\">\n\t\t\t\t\t\t<div class=\"elementor-element elementor-element-25d8c07 elementor-widget elementor-widget-text-editor\" data-id=\"25d8c07\" data-element_type=\"widget\" data-e-type=\"widget\" data-widget_type=\"text-editor.default\">\n\t\t\t\t<div class=\"elementor-widget-container\">\n\t\t\t\t\t\t\t\t\t<p>A <a href=\"http:\/\/controllab.com\">Controllab<\/a>, refer\u00eancia em controle de qualidade para exames, estar\u00e1 presente na <a href=\"https:\/\/vitrinesbpcml.associatec.com.br\/Evento\/2024-rs-jornada-de-patologia-clinicamedicina-laboratorial-de-gramado\" target=\"_blank\" rel=\"noopener\">Jornada de Patologia Cl\u00ednica\/Medicina Laboratorial de Gramado (RS)<\/a>. O evento, organizado pela <a href=\"https:\/\/www.sbpc.org.br\/pt\/\" target=\"_blank\" rel=\"noopener\">Sociedade Brasileira de Patologia Cl\u00ednica\/Medicina Laboratorial (SBPC\/ML)<\/a>, acontecer\u00e1 dia <strong>16 de mar\u00e7o<\/strong>, s\u00e1bado.<br \/><br \/>Apoiadora da Jornada e parceria da SBPC\/ML, a Controllab participar\u00e1 da <strong>mesa de qualidade<\/strong>, na <strong>sala Rubi<\/strong>, a partir das <strong>11h45<\/strong>.<br \/><br \/>O gestor de indicadores e acredita\u00e7\u00f5es da Controllab e vice-coordenador do comit\u00ea de indicadores da SBPC\/ML, Fernando Berlitz, apresentar\u00e1 o tema <strong>\u201cGest\u00e3o estrat\u00e9gica de indicadores no laborat\u00f3rio cl\u00ednico.\u201d<\/strong><br \/><br \/>O especialista abordar\u00e1 o valor do uso estrat\u00e9gico da gest\u00e3o comparativa de indicadores para os laborat\u00f3rios, agregando competitividade, seguran\u00e7a ao paciente e atendimento \u00e0 <a href=\"https:\/\/antigo.anvisa.gov.br\/documents\/10181\/5919009\/RDC_786_2023_.pdf\/d803afbc-59c1-4dc2-9bb1-32f5131eca59\" target=\"_blank\" rel=\"noopener\">RDC 786\/2023<\/a>.<\/p>\t\t\t\t\t\t\t\t<\/div>\n\t\t\t\t<\/div>\n\t\t\t\t\t<\/div>\n\t\t<\/div>\n\t\t\t\t\t<\/div>\n\t\t<\/section>\n\t\t\t\t<section class=\"has_ae_slider elementor-section elementor-top-section elementor-element elementor-element-59205f7 elementor-section-boxed elementor-section-height-default elementor-section-height-default ae-bg-gallery-type-default\" data-id=\"59205f7\" data-element_type=\"section\" data-e-type=\"section\">\n\t\t\t\t\t\t<div class=\"elementor-container elementor-column-gap-default\">\n\t\t\t\t\t<div class=\"has_ae_slider elementor-column elementor-col-100 elementor-top-column elementor-element elementor-element-8a5068b ae-bg-gallery-type-default\" data-id=\"8a5068b\" data-element_type=\"column\" data-e-type=\"column\">\n\t\t\t<div class=\"elementor-widget-wrap elementor-element-populated\">\n\t\t\t\t\t\t<div class=\"elementor-element elementor-element-062b0fd elementor-widget elementor-widget-heading\" data-id=\"062b0fd\" data-element_type=\"widget\" data-e-type=\"widget\" data-widget_type=\"heading.default\">\n\t\t\t\t<div class=\"elementor-widget-container\">\n\t\t\t\t\t<h5 class=\"elementor-heading-title elementor-size-default\">Como participar da Jornada?<\/h5>\t\t\t\t<\/div>\n\t\t\t\t<\/div>\n\t\t\t\t\t<\/div>\n\t\t<\/div>\n\t\t\t\t\t<\/div>\n\t\t<\/section>\n\t\t\t\t<section class=\"has_ae_slider elementor-section elementor-top-section elementor-element elementor-element-00436f9 elementor-section-boxed elementor-section-height-default elementor-section-height-default ae-bg-gallery-type-default\" data-id=\"00436f9\" data-element_type=\"section\" data-e-type=\"section\">\n\t\t\t\t\t\t<div class=\"elementor-container elementor-column-gap-default\">\n\t\t\t\t\t<div class=\"has_ae_slider elementor-column elementor-col-100 elementor-top-column elementor-element elementor-element-0d28a9e ae-bg-gallery-type-default\" data-id=\"0d28a9e\" data-element_type=\"column\" data-e-type=\"column\">\n\t\t\t<div class=\"elementor-widget-wrap elementor-element-populated\">\n\t\t\t\t\t\t<div class=\"elementor-element elementor-element-292bf33 elementor-widget elementor-widget-text-editor\" data-id=\"292bf33\" data-element_type=\"widget\" data-e-type=\"widget\" data-widget_type=\"text-editor.default\">\n\t\t\t\t<div class=\"elementor-widget-container\">\n\t\t\t\t\t\t\t\t\t<p><a href=\"https:\/\/vitrinesbpcml.associatec.com.br\/Evento\/2024-rs-jornada-de-patologia-clinicamedicina-laboratorial-de-gramado\/Identificacao\" target=\"_blank\" rel=\"noopener\">Clique neste link<\/a> e realize imediatamente a sua inscri\u00e7\u00e3o, pois as <strong>vagas s\u00e3o limitadas<\/strong>! Por ele, tamb\u00e9m \u00e9 poss\u00edvel ter acesso \u00e0 programa\u00e7\u00e3o completa do evento, em um dia dedicado a temas de diversas especialidades.<br \/><br \/>Explore essa oportunidade \u00fanica para aprimorar o seu conhecimento e manter-se atualizado no universo da patologia cl\u00ednica e medicina laboratorial. Participe!<\/p>\t\t\t\t\t\t\t\t<\/div>\n\t\t\t\t<\/div>\n\t\t\t\t\t<\/div>\n\t\t<\/div>\n\t\t\t\t\t<\/div>\n\t\t<\/section>\n\t\t\t\t<\/div>\n\t\t","protected":false},"excerpt":{"rendered":"<p>A iniciativa, conduzida pela SBPC\/ML, ocorrer\u00e1 dia 16 de mar\u00e7o em Gramado, Rio Grande do Sul. A Controllab, refer\u00eancia em controle de qualidade para exames, estar\u00e1<span class=\"excerpt-hellip\"> [\u2026]<\/span><\/p>\n","protected":false},"author":1,"featured_media":138878,"comment_status":"closed","ping_status":"closed","sticky":false,"template":"","format":"standard","meta":{"_acf_changed":false,"footnotes":""},"categories":[544],"tags":[665,673,1731],"class_list":["post-138881","post","type-post","status-publish","format-standard","has-post-thumbnail","hentry","category-eventos-es","tag-controllab-es","tag-controllab-es-2","tag-jornada-de-patologia-clinica-medicina-laboratorial-es"],"acf":[],"_links":{"self":[{"href":"https:\/\/controllab.com\/es\/wp-json\/wp\/v2\/posts\/138881","targetHints":{"allow":["GET"]}}],"collection":[{"href":"https:\/\/controllab.com\/es\/wp-json\/wp\/v2\/posts"}],"about":[{"href":"https:\/\/controllab.com\/es\/wp-json\/wp\/v2\/types\/post"}],"author":[{"embeddable":true,"href":"https:\/\/controllab.com\/es\/wp-json\/wp\/v2\/users\/1"}],"replies":[{"embeddable":true,"href":"https:\/\/controllab.com\/es\/wp-json\/wp\/v2\/comments?post=138881"}],"version-history":[{"count":0,"href":"https:\/\/controllab.com\/es\/wp-json\/wp\/v2\/posts\/138881\/revisions"}],"wp:featuredmedia":[{"embeddable":true,"href":"https:\/\/controllab.com\/es\/wp-json\/wp\/v2\/media\/138878"}],"wp:attachment":[{"href":"https:\/\/controllab.com\/es\/wp-json\/wp\/v2\/media?parent=138881"}],"wp:term":[{"taxonomy":"category","embeddable":true,"href":"https:\/\/controllab.com\/es\/wp-json\/wp\/v2\/categories?post=138881"},{"taxonomy":"post_tag","embeddable":true,"href":"https:\/\/controllab.com\/es\/wp-json\/wp\/v2\/tags?post=138881"}],"curies":[{"name":"wp","href":"https:\/\/api.w.org\/{rel}","templated":true}]}}