{"id":155681,"date":"2023-11-28T16:14:57","date_gmt":"2023-11-28T19:14:57","guid":{"rendered":"https:\/\/controllab.com\/1o-forum-de-indicadores-em-microbiologia-laboratorial-reune-especialistas-para-impulsionar-a-area\/"},"modified":"2024-07-05T11:02:56","modified_gmt":"2024-07-05T14:02:56","slug":"1er-foro-de-indicadores-en-microbiologia-laboratorial-reune-a-expertos-para-impulsar-el-area","status":"publish","type":"post","link":"https:\/\/controllab.com\/es\/1er-foro-de-indicadores-en-microbiologia-laboratorial-reune-a-expertos-para-impulsar-el-area\/","title":{"rendered":"1er Foro de Indicadores en Microbiolog\u00eda Laboratorial re\u00fane a expertos para impulsar el \u00e1rea"},"content":{"rendered":"\t\t<div data-elementor-type=\"wp-post\" data-elementor-id=\"155681\" class=\"elementor elementor-155681 elementor-134610\" data-elementor-post-type=\"post\">\n\t\t\t\t\t\t<section class=\"has_ae_slider elementor-section elementor-top-section elementor-element elementor-element-7e5a774 elementor-section-boxed elementor-section-height-default elementor-section-height-default ae-bg-gallery-type-default\" data-id=\"7e5a774\" data-element_type=\"section\" data-e-type=\"section\">\n\t\t\t\t\t\t<div class=\"elementor-container elementor-column-gap-default\">\n\t\t\t\t\t<div class=\"has_ae_slider elementor-column elementor-col-100 elementor-top-column elementor-element elementor-element-7b0daa0 ae-bg-gallery-type-default\" data-id=\"7b0daa0\" data-element_type=\"column\" data-e-type=\"column\">\n\t\t\t<div class=\"elementor-widget-wrap elementor-element-populated\">\n\t\t\t\t\t\t<div class=\"elementor-element elementor-element-5d402bb elementor-widget elementor-widget-text-editor\" data-id=\"5d402bb\" data-element_type=\"widget\" data-e-type=\"widget\" data-widget_type=\"text-editor.default\">\n\t\t\t\t<div class=\"elementor-widget-container\">\n\t\t\t\t\t\t\t\t\t<p><em>Iniciativa organizada por <i><a href=\"https:\/\/www.sbpc.org.br\/pt\/\" target=\"_blank\" rel=\"noopener\">SBPC\/ML<\/a> y\u00a0<a href=\"https:\/\/controllab.com\/es\/\" target=\"_blank\" rel=\"noopener\">Controllab<\/a>\u00a0<\/i> consolida el compromiso de las instituciones con la mejora de la calidad y eficiencia del sector de la salud.<\/em><\/p>\n<p>El pasado s\u00e1bado 25 de noviembre de 2023 tuvo lugar el <strong>1er Foro de Indicadores en Microbiolog\u00eda Laboratorial<\/strong>. El evento congreg\u00f3 habilidades para impulsar la gesti\u00f3n del rendimiento, buscando mejorar los servicios ofrecidos a los pacientes y garantizar la sostenibilidad del segmento laboratorial.<\/p>\n<p>Esta iniciativa pionera reuni\u00f3 a expertos del sector, empresas y tambi\u00e9n del \u00e1mbito tecnol\u00f3gico, con el objetivo de discutir una propuesta de indicadores que permita monitorear estrategias, gesti\u00f3n financiera, procesos, calidad t\u00e9cnica, personas y recursos, resultados para el paciente, aspectos epidemiol\u00f3gicos, entre otras dimensiones relevantes del \u00e1rea microbiol\u00f3gica.<\/p>\n<p>La Microbiolog\u00eda es un \u00e1rea de extrema importancia dentro del contexto cl\u00ednico. Adem\u00e1s de proporcionar informaci\u00f3n fundamental para la conducta m\u00e9dica y el resultado del paciente, el sector de microbiolog\u00eda tambi\u00e9n tiene un impacto significativo en la satisfacci\u00f3n de m\u00e9dicos y pacientes, contribuyendo a la reputaci\u00f3n del laboratorio y su sostenibilidad en el segmento de actuaci\u00f3n.<\/p>\n<p>Durante el foro, se invit\u00f3 a un grupo de microbi\u00f3logos expertos en el \u00e1rea y con experiencia en servicios de laboratorio de referencia en Brasil para colaborar voluntariamente en el desarrollo de una propuesta de indicadores para este segmento de la medicina laboratorial.<\/p>\n<p>Los expertos y sus respectivas instituciones participantes fueron: Cesar Alex Galoro (Ex-Presidente \u00a0<span style=\"color: #0000ff;\"><a href=\"https:\/\/www.sbpc.org.br\/pt\/\" target=\"_blank\" rel=\"noopener\">SBPC\/ML<\/a><\/span> y\u00a0<span style=\"color: #0000ff;\"><a href=\"https:\/\/www.sabin.com.br\/?cidade=brasilia-df\" target=\"_blank\" rel=\"noopener\">Grupo Sabin<\/a><\/span>), Andr\u00e9 Doi (Director Cient\u00edfico <span style=\"color: #0000ff;\"><a href=\"https:\/\/www.sbpc.org.br\/pt\/\" target=\"_blank\" rel=\"noopener\">SBPC\/ML<\/a><\/span> y\u00a0<span style=\"color: #0000ff;\"><a href=\"https:\/\/www.einstein.br\/Pages\/Home.aspx\" target=\"_blank\" rel=\"noopener\">Hospital Albert Einstein<\/a><\/span>), Alessandro Silveira (<span style=\"color: #0000ff;\"><a href=\"https:\/\/www.furb.br\/pt\" target=\"_blank\" rel=\"noopener\">FURB<\/a><\/span> y\u00a0<span style=\"color: #0000ff;\"><a href=\"https:\/\/genolab.com.br\/\" target=\"_blank\" rel=\"noopener\">Genolab<\/a><\/span>), Ana Paula Cury (<span style=\"color: #0000ff;\"><a href=\"https:\/\/www.hc.fm.usp.br\/hc\/portal\/\" target=\"_blank\" rel=\"noopener\">Hospital das Cl\u00ednicas SP<\/a><\/span>), Carlos Eduardo Domingos (<span style=\"color: #0000ff;\"><a href=\"https:\/\/www.diagnosticosdobrasil.com.br\/\" target=\"_blank\" rel=\"noopener\">Diagn\u00f3sticos do Brasil<\/a><\/span>), C\u00e1ssia Zoccoli (<span style=\"color: #0000ff;\"><a href=\"https:\/\/dasa.com.br\/\" target=\"_blank\" rel=\"noopener\">DASA<\/a><\/span> y\u00a0<span style=\"color: #0000ff;\"><a href=\"https:\/\/brcast.org.br\/\" target=\"_blank\" rel=\"noopener\">BrCAST<\/a><\/span>), Danielle Doro (<span style=\"color: #0000ff;\"><a href=\"https:\/\/www.sabin.com.br\/?cidade=brasilia-df\" target=\"_blank\" rel=\"noopener\">Sabin<\/a><\/span>), D\u00e9bora Krenke (<span style=\"color: #0000ff;\"><a href=\"https:\/\/dasa.com.br\/\" target=\"_blank\" rel=\"noopener\">DASA<\/a><\/span>), Giselle Cortivo (<span style=\"color: #0000ff;\"><a href=\"https:\/\/mercolabdiagnosticos.com\/\" target=\"_blank\" rel=\"noopener\">Mercolab<\/a><\/span>), Iara Santiago (<span style=\"color: #0000ff;\"><a href=\"https:\/\/www.laboratoriosaopaulo.com.br\/\" target=\"_blank\" rel=\"noopener\">Laborat\u00f3rio S\u00e3o Paulo<\/a><\/span>), Jorge Sampaio (<span style=\"color: #0000ff;\"><a href=\"https:\/\/brcast.org.br\/\" target=\"_blank\" rel=\"noopener\">BrCAST<\/a><\/span> y\u00a0<span style=\"color: #0000ff;\"><a href=\"https:\/\/www5.usp.br\/\" target=\"_blank\" rel=\"noopener\">USP<\/a><\/span>), Keite Nogueira (<span style=\"color: #0000ff;\"><a href=\"https:\/\/ufpr.br\/\" target=\"_blank\" rel=\"noopener\">UFPR<\/a><\/span>\/\u00a0<span style=\"color: #0000ff;\"><a href=\"https:\/\/www.gov.br\/ebserh\/pt-br\/hospitais-universitarios\/regiao-sul\/chc-ufpr\" target=\"_blank\" rel=\"noopener\">Hospital das Cl\u00ednicas PR<\/a><\/span>), Luis Henrique Guimar\u00e3es (<span style=\"color: #0000ff;\"><a href=\"https:\/\/sbmicrobiologia.org.br\/sbm\/\" target=\"_blank\" rel=\"noopener\">SBM<\/a><\/span> y\u00a0<span style=\"color: #0000ff;\"><a href=\"https:\/\/www.ffclrp.usp.br\/\" target=\"_blank\" rel=\"noopener\">Universidade de S\u00e3o Paulo \u2013 FFCLRP<\/a><\/span>), Mara Elisa B. Lemo (<span style=\"color: #0000ff;\"><a href=\"https:\/\/www.grupofleury.com.br\/SitePages\/Home.aspx\" target=\"_blank\" rel=\"noopener\">Fleury<\/a><\/span>), Mireille Sousa (<span style=\"color: #0000ff;\"><a href=\"https:\/\/hermespardini.com.br\/\" target=\"_blank\" rel=\"noopener\">Hermes Pardini<\/a><\/span>), Paula Koga (<span style=\"color: #0000ff;\"><a href=\"https:\/\/www.einstein.br\/Pages\/Home.aspx\" target=\"_blank\" rel=\"noopener\">Hospital Albert Einstein<\/a><\/span>), Pedro Peloso (<span style=\"color: #0000ff;\"><a href=\"https:\/\/www.rededorsaoluiz.com.br\/\" target=\"_blank\" rel=\"noopener\">Rede D\u2019Or<\/a><\/span>) y Soraya de Andrade (<span style=\"color: #0000ff;\"><a href=\"https:\/\/www.afipdiagnostica.com.br\/\" target=\"_blank\" rel=\"noopener\">AFIP<\/a><\/span>).<\/p>\n<p>El evento comenz\u00f3 con la apertura oficial del Dr. Alex Galoro, ex-presidente de SBPC\/ML y actual coordinador del Comit\u00e9 T\u00e9cnico-Cient\u00edfico de Indicadores en esa entidad.<\/p>\n<p>Las discusiones fueron moderadas por la microbi\u00f3loga Carmen Paz Oplustil (<span style=\"color: #0000ff;\"><a href=\"https:\/\/formatoclinico.com.br\/\" target=\"_blank\" rel=\"noopener\">Formato Cl\u00ednico<\/a><\/span>) y por el gerente de Indicadores y Acreditaciones de Controllab, Fernando Berlitz. Contaron con el apoyo del equipo Controllab (Fernanda de Paula, Juliana Tobler, Rafael Balthazar, Rafael Lopes, Shirley Lima, Thiago Saturnino y Vin\u00edcius Biasoli).<\/p>\n<p>El foro tambi\u00e9n cont\u00f3 con la participaci\u00f3n de entidades y empresas relevantes, incluidas:Luis Henrique Guimar\u00e3es (<span style=\"color: #0000ff;\"><a href=\"https:\/\/sbmicrobiologia.org.br\/sbm\/\" target=\"_blank\" rel=\"noopener\">Presidente SBM<\/a><\/span>), Josely Chiarella (Directora T\u00e9cnica <span style=\"color: #0000ff;\"><a href=\"https:\/\/cbdl.org.br\/\" target=\"_blank\" rel=\"noopener\">CBDL<\/a><\/span>), Andre L Santos (<span style=\"color: #0000ff;\"><a href=\"https:\/\/www.bd.com\/pt-br\" target=\"_blank\" rel=\"noopener\">BD<\/a><\/span>), Karime Borges (<span style=\"color: #0000ff;\"><a href=\"https:\/\/www.sarstedt.com\/pt\/\" target=\"_blank\" rel=\"noopener\">Sarstedt<\/a><\/span>), Juarez Cunha (<span style=\"color: #0000ff;\"><a href=\"https:\/\/plastlabor.com.br\/\" target=\"_blank\" rel=\"noopener\">Plastlabor<\/a><\/span>), Luana Massi, Ruan Fernandes y Samir Weres (<span style=\"color: #0000ff;\"><a href=\"https:\/\/www.biomerieux.com.br\/\" target=\"_blank\" rel=\"noopener\">bioM\u00e9rieux<\/a><\/span>).<\/p>\n<p>Para facilitar la captura autom\u00e1tica de datos, garantizando una mayor eficiencia y seguridad en la informaci\u00f3n, el foro cont\u00f3 con la contribuci\u00f3n de expertos de empresas tecnol\u00f3gicas homologadas por SBPC\/ML y Controllab: Durval Bel\u00e9m (<span style=\"color: #0000ff;\"><a href=\"https:\/\/www.karyon.com.br\/\" target=\"_blank\" rel=\"noopener\">Karyon Consultoria<\/a><\/span>), Carlos Lachter (<span style=\"color: #0000ff;\"><a href=\"https:\/\/hts-it.com\/\" target=\"_blank\" rel=\"noopener\">HTS High Tech Systems<\/a><\/span>), Lukas M Christensen y Marcelo Carbonari (<span style=\"color: #0000ff;\"><a href=\"https:\/\/www.matrixsaude.com\/\" target=\"_blank\" rel=\"noopener\">Matrix Sistemas<\/a><\/span>) y Anderson Luiz Ferreira (<span style=\"color: #0000ff;\"><a href=\"https:\/\/www.euquerotranquilidade.com.br\/\" target=\"_blank\" rel=\"noopener\">TCM Inform\u00e1tica<\/a><\/span>).<\/p>\n<p>Los participantes del foro invirtieron su tiempo y conocimientos en la propuesta de indicadores que ayuden a monitorear y tomar decisiones en el \u00e1rea microbiol\u00f3gica para impulsar la eficiencia operativa de estas rutinas, resultando en mejores resultados para los pacientes y promoviendo la sostenibilidad del sector de la salud.<\/p>\n<p>El evento tuvo lugar en la unidad Senac Tiradentes, en S\u00e3o Paulo, que proporcion\u00f3 la estructura en una iniciativa conjunta. Entre las marcas destacadas que se reunieron en el 1er Foro de Indicadores en Microbiolog\u00eda Laboratorial se encuentran los patrocinadores \u00a0<span style=\"color: #0000ff;\"><a href=\"https:\/\/www.bd.com\/pt-br\" target=\"_blank\" rel=\"noopener\">BD<\/a><\/span>,\u00a0<span style=\"color: #0000ff;\"><a href=\"https:\/\/www.sarstedt.com\/pt\/\" target=\"_blank\" rel=\"noopener\">Sarstedt<\/a><\/span> y\u00a0<span style=\"color: #0000ff;\"><a href=\"https:\/\/plastlabor.com.br\/\" target=\"_blank\" rel=\"noopener\">Plastlabor<\/a><\/span>, que demostraron su apoyo a las principales instituciones de medicina laboratorial.<\/p>\n<p>Esta iniciativa es promovida por <a href=\"https:\/\/metricare.com.br\/es\/\" target=\"_blank\" rel=\"noopener\">Metricare<\/a>, una plataforma de datos que facilita la toma de decisiones en empresas de salud y bienestar, fortaleciendo el mercado.<\/p>\n<p>El trabajo realizado en el foro continuar\u00e1 a trav\u00e9s del Comit\u00e9 T\u00e9cnico de Indicadores de SBPC\/ML, en colaboraci\u00f3n con el Comit\u00e9 T\u00e9cnico de Microbiolog\u00eda de la misma entidad, seg\u00fan lo prev\u00e9 la gobernanza de la plataforma de indicadores Metricare. Pronto, los datos y acciones consolidados en el foro se compartir\u00e1n con el p\u00fablico. Para seguir estas actualizaciones, s\u00edguenos en las redes sociales de SBPC\/ML, Controllab y Metricare.<\/p>\n\t\t\t\t\t\t\t\t<\/div>\n\t\t\t\t<\/div>\n\t\t\t\t\t<\/div>\n\t\t<\/div>\n\t\t\t\t\t<\/div>\n\t\t<\/section>\n\t\t\t\t<\/div>\n\t\t","protected":false},"excerpt":{"rendered":"<p>Iniciativa organizada por SBPC\/ML y\u00a0Controllab\u00a0 consolida el compromiso de las instituciones con la mejora de la calidad y eficiencia del sector de la salud. El pasado<span class=\"excerpt-hellip\"> [\u2026]<\/span><\/p>\n","protected":false},"author":1,"featured_media":134626,"comment_status":"closed","ping_status":"closed","sticky":false,"template":"","format":"standard","meta":{"_acf_changed":false,"footnotes":""},"categories":[558,553],"tags":[],"class_list":["post-155681","post","type-post","status-publish","format-standard","has-post-thumbnail","hentry","category-metricare","category-microbiologia-es"],"acf":[],"_links":{"self":[{"href":"https:\/\/controllab.com\/es\/wp-json\/wp\/v2\/posts\/155681","targetHints":{"allow":["GET"]}}],"collection":[{"href":"https:\/\/controllab.com\/es\/wp-json\/wp\/v2\/posts"}],"about":[{"href":"https:\/\/controllab.com\/es\/wp-json\/wp\/v2\/types\/post"}],"author":[{"embeddable":true,"href":"https:\/\/controllab.com\/es\/wp-json\/wp\/v2\/users\/1"}],"replies":[{"embeddable":true,"href":"https:\/\/controllab.com\/es\/wp-json\/wp\/v2\/comments?post=155681"}],"version-history":[{"count":0,"href":"https:\/\/controllab.com\/es\/wp-json\/wp\/v2\/posts\/155681\/revisions"}],"wp:featuredmedia":[{"embeddable":true,"href":"https:\/\/controllab.com\/es\/wp-json\/wp\/v2\/media\/134626"}],"wp:attachment":[{"href":"https:\/\/controllab.com\/es\/wp-json\/wp\/v2\/media?parent=155681"}],"wp:term":[{"taxonomy":"category","embeddable":true,"href":"https:\/\/controllab.com\/es\/wp-json\/wp\/v2\/categories?post=155681"},{"taxonomy":"post_tag","embeddable":true,"href":"https:\/\/controllab.com\/es\/wp-json\/wp\/v2\/tags?post=155681"}],"curies":[{"name":"wp","href":"https:\/\/api.w.org\/{rel}","templated":true}]}}