{"id":187726,"date":"2025-05-27T08:00:41","date_gmt":"2025-05-27T11:00:41","guid":{"rendered":"https:\/\/controllab.com\/controllab-participara-do-xv-congresso-uruguaio-de-bioquimica-clinica\/"},"modified":"2025-05-27T08:08:36","modified_gmt":"2025-05-27T11:08:36","slug":"controllab-participara-en-el-xv-congreso-uruguayo-de-bioquimica-clinica","status":"publish","type":"post","link":"https:\/\/controllab.com\/es\/controllab-participara-en-el-xv-congreso-uruguayo-de-bioquimica-clinica\/","title":{"rendered":"Controllab participar\u00e1 en el XV Congreso Uruguayo de Bioqu\u00edmica Cl\u00ednica"},"content":{"rendered":"\t\t<div data-elementor-type=\"wp-post\" data-elementor-id=\"187726\" class=\"elementor elementor-187726 elementor-187679\" data-elementor-post-type=\"post\">\n\t\t\t\t\t\t<section class=\"elementor-section elementor-top-section elementor-element elementor-element-4393442 elementor-section-boxed elementor-section-height-default elementor-section-height-default\" data-id=\"4393442\" data-element_type=\"section\" data-e-type=\"section\">\n\t\t\t\t\t\t<div class=\"elementor-container elementor-column-gap-default\">\n\t\t\t\t\t<div class=\"elementor-column elementor-col-100 elementor-top-column elementor-element elementor-element-fe28f96\" data-id=\"fe28f96\" data-element_type=\"column\" data-e-type=\"column\">\n\t\t\t<div class=\"elementor-widget-wrap elementor-element-populated\">\n\t\t\t\t\t\t<div class=\"elementor-element elementor-element-274f629 elementor-widget elementor-widget-text-editor\" data-id=\"274f629\" data-element_type=\"widget\" data-e-type=\"widget\" data-widget_type=\"text-editor.default\">\n\t\t\t\t<div class=\"elementor-widget-container\">\n\t\t\t\t\t\t\t\t\t<p><em>Especialistas de Am\u00e9rica Latina debaten sobre medicina personalizada e innovaci\u00f3n en el laboratorio cl\u00ednico.<\/em><\/p>\t\t\t\t\t\t\t\t<\/div>\n\t\t\t\t<\/div>\n\t\t\t\t\t<\/div>\n\t\t<\/div>\n\t\t\t\t\t<\/div>\n\t\t<\/section>\n\t\t\t\t<section class=\"elementor-section elementor-top-section elementor-element elementor-element-c6cfa7c elementor-section-boxed elementor-section-height-default elementor-section-height-default\" data-id=\"c6cfa7c\" data-element_type=\"section\" data-e-type=\"section\">\n\t\t\t\t\t\t<div class=\"elementor-container elementor-column-gap-default\">\n\t\t\t\t\t<div class=\"elementor-column elementor-col-100 elementor-top-column elementor-element elementor-element-fcca957\" data-id=\"fcca957\" data-element_type=\"column\" data-e-type=\"column\">\n\t\t\t<div class=\"elementor-widget-wrap elementor-element-populated\">\n\t\t\t\t\t\t<div class=\"elementor-element elementor-element-713faeb elementor-widget elementor-widget-text-editor\" data-id=\"713faeb\" data-element_type=\"widget\" data-e-type=\"widget\" data-widget_type=\"text-editor.default\">\n\t\t\t\t<div class=\"elementor-widget-container\">\n\t\t\t\t\t\t\t\t\t<p data-start=\"75\" data-end=\"325\">Del 5 al 7 de junio de 2025, la <a href=\"https:\/\/www.asociacionbioquimicauruguaya.org\/\" target=\"_blank\" rel=\"noopener\">Asociaci\u00f3n Bioqu\u00edmica Uruguaya (ABU)<\/a> realizar\u00e1 el <a href=\"https:\/\/congresoabu.org\/2025\/\" target=\"_blank\" rel=\"noopener\">XV Congreso Uruguayo de Bioqu\u00edmica Cl\u00ednica<\/a>, junto con la <strong>3\u00aa Conferencia de J\u00f3venes Profesionales de la Confederaci\u00f3n Latinoamericana de Bioqu\u00edmica Cl\u00ednica (COLABIOCLI)<\/strong>.<\/p><p data-start=\"327\" data-end=\"811\">Con el tema <strong>\u201cEl Rol del Laboratorio Cl\u00ednico en la Era de la Medicina Personalizada\u201d<\/strong>, el evento destacar\u00e1 c\u00f3mo el laboratorio cl\u00ednico se transforma ante los avances tecnol\u00f3gicos y los desaf\u00edos impulsados por la Inteligencia Artificial, asumiendo un papel estrat\u00e9gico para la medicina personalizada y centrada en el paciente. El objetivo es promover una actuaci\u00f3n colaborativa e interdisciplinaria que asegure la calidad de la atenci\u00f3n, desde la investigaci\u00f3n hasta la pr\u00e1ctica cl\u00ednica.<\/p><p data-start=\"813\" data-end=\"1065\">La programaci\u00f3n incluye cursos precongreso, presentaci\u00f3n de trabajos cient\u00edficos, mesas redondas y talleres conducidos por profesionales de referencia, quienes aportar\u00e1n valiosas contribuciones sobre tendencias y buenas pr\u00e1cticas en bioqu\u00edmica cl\u00ednica.<\/p><p data-start=\"1067\" data-end=\"1197\"><a href=\"https:\/\/controllab.com\/es\/\" target=\"_blank\" rel=\"noopener\">Controllab<\/a> estar\u00e1 presente en la programaci\u00f3n cient\u00edfica con la participaci\u00f3n del <strong>Dr. Jos\u00e9 Poloni<\/strong>, gestor educativo de la empresa.<\/p><p data-start=\"1199\" data-end=\"1469\">El 6 de junio, el Dr. Poloni participar\u00e1 en la 3\u00aa Conferencia Internacional de J\u00f3venes Profesionales de COLABIOCLI, integrando la mesa redonda del \u00e1rea de Bioqu\u00edmica en la sesi\u00f3n \u201cDiscusi\u00f3n de Casos Cl\u00ednicos\u201d, donde presentar\u00e1 el caso <strong>\u201cCoilocitos en sedimento urinario\u201d<\/strong>.<\/p><p data-start=\"1471\" data-end=\"1817\">Ya el 7 de junio, contribuir\u00e1 en la mesa redonda <strong>\u201cActualizando en el laboratorio la detecci\u00f3n de la enfermedad renal\u201d<\/strong>, con el tema <strong>\u201cEvaluaci\u00f3n en el laboratorio de la funci\u00f3n renal: aportes del uroan\u00e1lisis\u201d<\/strong>, destacando el papel esencial del an\u00e1lisis de orina en la evaluaci\u00f3n de la funci\u00f3n renal y en la mejora continua de la calidad diagn\u00f3stica.<\/p><p data-start=\"1819\" data-end=\"2034\">La participaci\u00f3n de Controllab refuerza su compromiso con la promoci\u00f3n del conocimiento, contribuyendo al fortalecimiento de las buenas pr\u00e1cticas laboratoriales y la calidad en los servicios de salud a nivel global.<\/p><p data-start=\"2036\" data-end=\"2109\">Para m\u00e1s informaci\u00f3n e inscripciones, acceda al sitio oficial del evento: <a href=\"https:\/\/congresoabu.org\/2025\/\" target=\"_blank\" rel=\"noopener\">https:\/\/congresoabu.org\/2025\/<\/a><\/p>\t\t\t\t\t\t\t\t<\/div>\n\t\t\t\t<\/div>\n\t\t\t\t\t<\/div>\n\t\t<\/div>\n\t\t\t\t\t<\/div>\n\t\t<\/section>\n\t\t\t\t<\/div>\n\t\t","protected":false},"excerpt":{"rendered":"<p>Especialistas de Am\u00e9rica Latina debaten sobre medicina personalizada e innovaci\u00f3n en el laboratorio cl\u00ednico. Del 5 al 7 de junio de 2025, la Asociaci\u00f3n Bioqu\u00edmica Uruguaya<span class=\"excerpt-hellip\"> [\u2026]<\/span><\/p>\n","protected":false},"author":1,"featured_media":187682,"comment_status":"closed","ping_status":"closed","sticky":false,"template":"","format":"standard","meta":{"_acf_changed":false,"footnotes":""},"categories":[544],"tags":[2537,2538,2380,665,673],"class_list":["post-187726","post","type-post","status-publish","format-standard","has-post-thumbnail","hentry","category-eventos-es","tag-bioquimica-clinica-es","tag-congresso-uruguaio-es","tag-controle-da-qualidade-laboratorial-es","tag-controllab-es","tag-controllab-es-2"],"acf":[],"_links":{"self":[{"href":"https:\/\/controllab.com\/es\/wp-json\/wp\/v2\/posts\/187726","targetHints":{"allow":["GET"]}}],"collection":[{"href":"https:\/\/controllab.com\/es\/wp-json\/wp\/v2\/posts"}],"about":[{"href":"https:\/\/controllab.com\/es\/wp-json\/wp\/v2\/types\/post"}],"author":[{"embeddable":true,"href":"https:\/\/controllab.com\/es\/wp-json\/wp\/v2\/users\/1"}],"replies":[{"embeddable":true,"href":"https:\/\/controllab.com\/es\/wp-json\/wp\/v2\/comments?post=187726"}],"version-history":[{"count":4,"href":"https:\/\/controllab.com\/es\/wp-json\/wp\/v2\/posts\/187726\/revisions"}],"predecessor-version":[{"id":187738,"href":"https:\/\/controllab.com\/es\/wp-json\/wp\/v2\/posts\/187726\/revisions\/187738"}],"wp:featuredmedia":[{"embeddable":true,"href":"https:\/\/controllab.com\/es\/wp-json\/wp\/v2\/media\/187682"}],"wp:attachment":[{"href":"https:\/\/controllab.com\/es\/wp-json\/wp\/v2\/media?parent=187726"}],"wp:term":[{"taxonomy":"category","embeddable":true,"href":"https:\/\/controllab.com\/es\/wp-json\/wp\/v2\/categories?post=187726"},{"taxonomy":"post_tag","embeddable":true,"href":"https:\/\/controllab.com\/es\/wp-json\/wp\/v2\/tags?post=187726"}],"curies":[{"name":"wp","href":"https:\/\/api.w.org\/{rel}","templated":true}]}}