{"id":192748,"date":"2025-08-11T08:05:46","date_gmt":"2025-08-11T11:05:46","guid":{"rendered":"https:\/\/controllab.com\/sipat-2025-da-controllab-promove-cuidado-diversidade-e-saude-mental-no-trabalho\/"},"modified":"2025-08-11T08:53:31","modified_gmt":"2025-08-11T11:53:31","slug":"sipat-2025-de-controllab-promueve-el-cuidado-la-diversidad-y-la-salud-mental-en-el-trabajo","status":"publish","type":"post","link":"https:\/\/controllab.com\/es\/sipat-2025-de-controllab-promueve-el-cuidado-la-diversidad-y-la-salud-mental-en-el-trabajo\/","title":{"rendered":"SIPAT 2025 de Controllab promueve el cuidado, la diversidad y la salud mental en el trabajo"},"content":{"rendered":"\t\t<div data-elementor-type=\"wp-post\" data-elementor-id=\"192748\" class=\"elementor elementor-192748 elementor-192458\" data-elementor-post-type=\"post\">\n\t\t\t\t\t\t<section class=\"elementor-section elementor-top-section elementor-element elementor-element-33a2e64 elementor-section-boxed elementor-section-height-default elementor-section-height-default\" data-id=\"33a2e64\" data-element_type=\"section\" data-e-type=\"section\">\n\t\t\t\t\t\t<div class=\"elementor-container elementor-column-gap-default\">\n\t\t\t\t\t<div class=\"elementor-column elementor-col-100 elementor-top-column elementor-element elementor-element-71a5fe6\" data-id=\"71a5fe6\" data-element_type=\"column\" data-e-type=\"column\">\n\t\t\t<div class=\"elementor-widget-wrap elementor-element-populated\">\n\t\t\t\t\t\t<div class=\"elementor-element elementor-element-50181ad elementor-widget elementor-widget-text-editor\" data-id=\"50181ad\" data-element_type=\"widget\" data-e-type=\"widget\" data-widget_type=\"text-editor.default\">\n\t\t\t\t<div class=\"elementor-widget-container\">\n\t\t\t\t\t\t\t\t\t<p><em>M\u00e1s que una obligaci\u00f3n legal, la Semana Interna de Prevenci\u00f3n de Accidentes fue un espacio estrat\u00e9gico para fortalecer la cultura del cuidado y de la inclusi\u00f3n.<\/em><\/p>\t\t\t\t\t\t\t\t<\/div>\n\t\t\t\t<\/div>\n\t\t\t\t\t<\/div>\n\t\t<\/div>\n\t\t\t\t\t<\/div>\n\t\t<\/section>\n\t\t\t\t<section class=\"elementor-section elementor-top-section elementor-element elementor-element-4fcc62c elementor-section-boxed elementor-section-height-default elementor-section-height-default\" data-id=\"4fcc62c\" data-element_type=\"section\" data-e-type=\"section\">\n\t\t\t\t\t\t<div class=\"elementor-container elementor-column-gap-default\">\n\t\t\t\t\t<div class=\"elementor-column elementor-col-100 elementor-top-column elementor-element elementor-element-6f625ef\" data-id=\"6f625ef\" data-element_type=\"column\" data-e-type=\"column\">\n\t\t\t<div class=\"elementor-widget-wrap elementor-element-populated\">\n\t\t\t\t\t\t<div class=\"elementor-element elementor-element-c972fce elementor-widget elementor-widget-text-editor\" data-id=\"c972fce\" data-element_type=\"widget\" data-e-type=\"widget\" data-widget_type=\"text-editor.default\">\n\t\t\t\t<div class=\"elementor-widget-container\">\n\t\t\t\t\t\t\t\t\t<p>En entornos donde la precisi\u00f3n t\u00e9cnica y la responsabilidad con la vida son exigencias diarias, el bienestar de los equipos se convierte en una prioridad constante. En este contexto, la <strong>SIPAT (Semana Interna de Prevenci\u00f3n de Accidentes de Trabajo)<\/strong> adquiere relevancia no solo como un evento anual, sino como una oportunidad para vincular la salud f\u00edsica, mental y relacional con la rutina organizacional.<\/p>\t\t\t\t\t\t\t\t<\/div>\n\t\t\t\t<\/div>\n\t\t\t\t\t<\/div>\n\t\t<\/div>\n\t\t\t\t\t<\/div>\n\t\t<\/section>\n\t\t\t\t<section class=\"elementor-section elementor-top-section elementor-element elementor-element-8e0df53 elementor-section-boxed elementor-section-height-default elementor-section-height-default\" data-id=\"8e0df53\" data-element_type=\"section\" data-e-type=\"section\">\n\t\t\t\t\t\t<div class=\"elementor-container elementor-column-gap-default\">\n\t\t\t\t\t<div class=\"elementor-column elementor-col-100 elementor-top-column elementor-element elementor-element-16f1f70\" data-id=\"16f1f70\" data-element_type=\"column\" data-e-type=\"column\">\n\t\t\t<div class=\"elementor-widget-wrap elementor-element-populated\">\n\t\t\t\t\t\t<div class=\"elementor-element elementor-element-46b6ad2 elementor-widget elementor-widget-heading\" data-id=\"46b6ad2\" data-element_type=\"widget\" data-e-type=\"widget\" data-widget_type=\"heading.default\">\n\t\t\t\t<div class=\"elementor-widget-container\">\n\t\t\t\t\t<h5 class=\"elementor-heading-title elementor-size-default\">Convertir el cuidado en una experiencia significativa<\/h5>\t\t\t\t<\/div>\n\t\t\t\t<\/div>\n\t\t\t\t\t<\/div>\n\t\t<\/div>\n\t\t\t\t\t<\/div>\n\t\t<\/section>\n\t\t\t\t<section class=\"elementor-section elementor-top-section elementor-element elementor-element-6c84e9f elementor-section-boxed elementor-section-height-default elementor-section-height-default\" data-id=\"6c84e9f\" data-element_type=\"section\" data-e-type=\"section\">\n\t\t\t\t\t\t<div class=\"elementor-container elementor-column-gap-default\">\n\t\t\t\t\t<div class=\"elementor-column elementor-col-100 elementor-top-column elementor-element elementor-element-2dbabaf\" data-id=\"2dbabaf\" data-element_type=\"column\" data-e-type=\"column\">\n\t\t\t<div class=\"elementor-widget-wrap elementor-element-populated\">\n\t\t\t\t\t\t<div class=\"elementor-element elementor-element-889e302 elementor-widget elementor-widget-text-editor\" data-id=\"889e302\" data-element_type=\"widget\" data-e-type=\"widget\" data-widget_type=\"text-editor.default\">\n\t\t\t\t<div class=\"elementor-widget-container\">\n\t\t\t\t\t\t\t\t\t<p data-start=\"0\" data-end=\"509\">En la edici\u00f3n de 2025, <a href=\"https:\/\/controllab.com\/es\/\" target=\"_blank\" rel=\"noopener\">Controllab<\/a> propuso una SIPAT m\u00e1s vivencial y participativa. La programaci\u00f3n fue conducida por la Comisi\u00f3n Interna de Prevenci\u00f3n de Accidentes y Acoso (CIPA), en colaboraci\u00f3n con el equipo de Servicios Especializados en Seguridad y Medicina del Trabajo (SESMT) y la Comisi\u00f3n de \u00c9tica y Combate al Acoso Moral y Sexual (CECA). El evento tambi\u00e9n cont\u00f3 con el apoyo estrat\u00e9gico de <a href=\"https:\/\/firjan.com.br\/pagina-inicial.htm\" target=\"_blank\" rel=\"noopener\">Firjan SESI<\/a>, que contribuy\u00f3 con contenidos y actividades orientados a la promoci\u00f3n de la salud en el trabajo.<\/p><p data-start=\"511\" data-end=\"666\" data-is-last-node=\"\" data-is-only-node=\"\">Adem\u00e1s de los temas esenciales, la iniciativa tambi\u00e9n aport\u00f3 reflexiones importantes sobre <strong>diversidad, equidad e inclusi\u00f3n (DEI)<\/strong> en el entorno corporativo.<\/p>\t\t\t\t\t\t\t\t<\/div>\n\t\t\t\t<\/div>\n\t\t\t\t\t<\/div>\n\t\t<\/div>\n\t\t\t\t\t<\/div>\n\t\t<\/section>\n\t\t\t\t<section class=\"elementor-section elementor-top-section elementor-element elementor-element-adc014e elementor-section-boxed elementor-section-height-default elementor-section-height-default\" data-id=\"adc014e\" data-element_type=\"section\" data-e-type=\"section\">\n\t\t\t\t\t\t<div class=\"elementor-container elementor-column-gap-default\">\n\t\t\t\t\t<div class=\"elementor-column elementor-col-100 elementor-top-column elementor-element elementor-element-603a034\" data-id=\"603a034\" data-element_type=\"column\" data-e-type=\"column\">\n\t\t\t<div class=\"elementor-widget-wrap elementor-element-populated\">\n\t\t\t\t\t\t<section class=\"elementor-section elementor-inner-section elementor-element elementor-element-55e923f elementor-section-content-middle elementor-section-boxed elementor-section-height-default elementor-section-height-default\" data-id=\"55e923f\" data-element_type=\"section\" data-e-type=\"section\">\n\t\t\t\t\t\t<div class=\"elementor-container elementor-column-gap-default\">\n\t\t\t\t\t<div class=\"elementor-column elementor-col-50 elementor-inner-column elementor-element elementor-element-0d71344\" data-id=\"0d71344\" data-element_type=\"column\" data-e-type=\"column\">\n\t\t\t<div class=\"elementor-widget-wrap elementor-element-populated\">\n\t\t\t\t\t\t<div class=\"elementor-element elementor-element-968bd9d elementor-widget elementor-widget-text-editor\" data-id=\"968bd9d\" data-element_type=\"widget\" data-e-type=\"widget\" data-widget_type=\"text-editor.default\">\n\t\t\t\t<div class=\"elementor-widget-container\">\n\t\t\t\t\t\t\t\t\t<p>La programaci\u00f3n incluy\u00f3 <strong>actividades enfocadas en la salud mental<\/strong>, como meditaci\u00f3n guiada y ejercicios cognitivos, reforzando la importancia de las pausas conscientes y del cuidado de las emociones como parte de la <strong>productividad sostenible<\/strong>.<\/p>\t\t\t\t\t\t\t\t<\/div>\n\t\t\t\t<\/div>\n\t\t\t\t\t<\/div>\n\t\t<\/div>\n\t\t\t\t<div class=\"elementor-column elementor-col-50 elementor-inner-column elementor-element elementor-element-4285946\" data-id=\"4285946\" data-element_type=\"column\" data-e-type=\"column\">\n\t\t\t<div class=\"elementor-widget-wrap elementor-element-populated\">\n\t\t\t\t\t\t<div class=\"elementor-element elementor-element-6cd2aeb elementor-widget elementor-widget-image\" data-id=\"6cd2aeb\" data-element_type=\"widget\" data-e-type=\"widget\" data-widget_type=\"image.default\">\n\t\t\t\t<div class=\"elementor-widget-container\">\n\t\t\t\t\t\t\t\t\t\t\t\t\t\t\t<img fetchpriority=\"high\" decoding=\"async\" width=\"1024\" height=\"561\" src=\"https:\/\/controllab.com\/wp-content\/uploads\/imagem-saude-mental.png\" class=\"attachment-large size-large wp-image-192541\" alt=\"\" \/>\t\t\t\t\t\t\t\t\t\t\t\t\t\t\t<\/div>\n\t\t\t\t<\/div>\n\t\t\t\t\t<\/div>\n\t\t<\/div>\n\t\t\t\t\t<\/div>\n\t\t<\/section>\n\t\t\t\t\t<\/div>\n\t\t<\/div>\n\t\t\t\t\t<\/div>\n\t\t<\/section>\n\t\t\t\t<section class=\"elementor-section elementor-top-section elementor-element elementor-element-58a9615 elementor-section-boxed elementor-section-height-default elementor-section-height-default\" data-id=\"58a9615\" data-element_type=\"section\" data-e-type=\"section\">\n\t\t\t\t\t\t<div class=\"elementor-container elementor-column-gap-default\">\n\t\t\t\t\t<div class=\"elementor-column elementor-col-100 elementor-top-column elementor-element elementor-element-62d10bf\" data-id=\"62d10bf\" data-element_type=\"column\" data-e-type=\"column\">\n\t\t\t<div class=\"elementor-widget-wrap elementor-element-populated\">\n\t\t\t\t\t\t<div class=\"elementor-element elementor-element-593240c elementor-widget elementor-widget-text-editor\" data-id=\"593240c\" data-element_type=\"widget\" data-e-type=\"widget\" data-widget_type=\"text-editor.default\">\n\t\t\t\t<div class=\"elementor-widget-container\">\n\t\t\t\t\t\t\t\t\t<article class=\"text-token-text-primary w-full focus:outline-none scroll-mt-[calc(var(--header-height)+min(200px,max(70px,20svh)))]\" dir=\"auto\" tabindex=\"-1\" data-turn-id=\"request-WEB:b117f1aa-ee7c-4474-8043-9b156944dc7c-7\" data-testid=\"conversation-turn-16\" data-scroll-anchor=\"false\" data-turn=\"assistant\"><div class=\"text-base my-auto mx-auto [--thread-content-margin:--spacing(4)] @[37rem]:[--thread-content-margin:--spacing(6)] @[72rem]:[--thread-content-margin:--spacing(16)] px-(--thread-content-margin)\"><div class=\"[--thread-content-max-width:32rem] @[34rem]:[--thread-content-max-width:40rem] @[64rem]:[--thread-content-max-width:48rem] mx-auto max-w-(--thread-content-max-width) flex-1 group\/turn-messages focus-visible:outline-hidden relative flex w-full min-w-0 flex-col agent-turn\" tabindex=\"-1\"><div class=\"flex max-w-full flex-col grow\"><div class=\"min-h-8 text-message relative flex w-full flex-col items-end gap-2 text-start break-words whitespace-normal [.text-message+&amp;]:mt-5\" dir=\"auto\" data-message-author-role=\"assistant\" data-message-id=\"3684357f-8ebc-40ba-aa19-03bc29a243cd\" data-message-model-slug=\"gpt-4-1-mini\"><div class=\"flex w-full flex-col gap-1 empty:hidden first:pt-[3px]\"><div class=\"markdown prose dark:prose-invert w-full break-words light markdown-new-styling\"><p data-start=\"0\" data-end=\"249\" data-is-last-node=\"\" data-is-only-node=\"\">Otra actividad que moviliz\u00f3 a los colaboradores fue el desaf\u00edo de recolecci\u00f3n de tapitas pl\u00e1sticas, que uni\u00f3 <strong>prop\u00f3sito y sostenibilidad<\/strong>. La acci\u00f3n demostr\u00f3 c\u00f3mo peque\u00f1os gestos pueden generar un impacto social y fortalecer el sentido de pertenencia.<\/p><\/div><\/div><\/div><\/div><\/div><\/div><\/article><article class=\"text-token-text-primary w-full focus:outline-none scroll-mt-(--header-height)\" dir=\"auto\" tabindex=\"-1\" data-turn-id=\"38af5d39-992a-4bde-a1e4-9ff9d32ebae3\" data-testid=\"conversation-turn-17\" data-scroll-anchor=\"false\" data-turn=\"user\"><h5 class=\"sr-only\">\u00a0<\/h5><\/article>\t\t\t\t\t\t\t\t<\/div>\n\t\t\t\t<\/div>\n\t\t\t\t\t<\/div>\n\t\t<\/div>\n\t\t\t\t\t<\/div>\n\t\t<\/section>\n\t\t\t\t<section class=\"elementor-section elementor-top-section elementor-element elementor-element-2b7f4b2 elementor-section-boxed elementor-section-height-default elementor-section-height-default\" data-id=\"2b7f4b2\" data-element_type=\"section\" data-e-type=\"section\">\n\t\t\t\t\t\t<div class=\"elementor-container elementor-column-gap-default\">\n\t\t\t\t\t<div class=\"elementor-column elementor-col-100 elementor-top-column elementor-element elementor-element-1c170c6\" data-id=\"1c170c6\" data-element_type=\"column\" data-e-type=\"column\">\n\t\t\t<div class=\"elementor-widget-wrap elementor-element-populated\">\n\t\t\t\t\t\t<div class=\"elementor-element elementor-element-119e72c elementor-widget elementor-widget-heading\" data-id=\"119e72c\" data-element_type=\"widget\" data-e-type=\"widget\" data-widget_type=\"heading.default\">\n\t\t\t\t<div class=\"elementor-widget-container\">\n\t\t\t\t\t<h5 class=\"elementor-heading-title elementor-size-default\">Compromiso que va m\u00e1s all\u00e1 del evento<\/h5>\t\t\t\t<\/div>\n\t\t\t\t<\/div>\n\t\t\t\t\t<\/div>\n\t\t<\/div>\n\t\t\t\t\t<\/div>\n\t\t<\/section>\n\t\t\t\t<section class=\"elementor-section elementor-top-section elementor-element elementor-element-18dd0f4 elementor-section-boxed elementor-section-height-default elementor-section-height-default\" data-id=\"18dd0f4\" data-element_type=\"section\" data-e-type=\"section\">\n\t\t\t\t\t\t<div class=\"elementor-container elementor-column-gap-default\">\n\t\t\t\t\t<div class=\"elementor-column elementor-col-100 elementor-top-column elementor-element elementor-element-4351729\" data-id=\"4351729\" data-element_type=\"column\" data-e-type=\"column\">\n\t\t\t<div class=\"elementor-widget-wrap elementor-element-populated\">\n\t\t\t\t\t\t<div class=\"elementor-element elementor-element-e5a3df5 elementor-widget elementor-widget-text-editor\" data-id=\"e5a3df5\" data-element_type=\"widget\" data-e-type=\"widget\" data-widget_type=\"text-editor.default\">\n\t\t\t\t<div class=\"elementor-widget-container\">\n\t\t\t\t\t\t\t\t\t<p data-start=\"0\" data-end=\"304\">Para Controllab, <strong>cuidar de quienes cuidan<\/strong> es un valor que va m\u00e1s all\u00e1 de la SIPAT. Con m\u00e1s de 48 a\u00f1os de experiencia en el sector de calidad de laboratorio, la empresa cree que ambientes seguros, respetuosos e inclusivos se reflejan directamente en la excelencia de los servicios prestados a la sociedad.<\/p><p data-start=\"306\" data-end=\"546\" data-is-last-node=\"\" data-is-only-node=\"\">La SIPAT 2025 reafirm\u00f3 este compromiso y dej\u00f3 un legado que inspira transformaciones continuas en el d\u00eda a d\u00eda de los equipos, fortaleciendo no solo la seguridad, sino tambi\u00e9n el sentido de pertenencia y la valorizaci\u00f3n de cada colaborador.<\/p>\t\t\t\t\t\t\t\t<\/div>\n\t\t\t\t<\/div>\n\t\t\t\t\t<\/div>\n\t\t<\/div>\n\t\t\t\t\t<\/div>\n\t\t<\/section>\n\t\t\t\t<\/div>\n\t\t","protected":false},"excerpt":{"rendered":"<p>Mais que uma obriga\u00e7\u00e3o legal, a Semana Interna de Preven\u00e7\u00e3o de Acidentes foi um espa\u00e7o estrat\u00e9gico para fortalecer a cultura do cuidado e da inclus\u00e3o. Em<span class=\"excerpt-hellip\"> [\u2026]<\/span><\/p>\n","protected":false},"author":1,"featured_media":192566,"comment_status":"closed","ping_status":"closed","sticky":false,"template":"","format":"standard","meta":{"_acf_changed":false,"footnotes":""},"categories":[544],"tags":[],"class_list":["post-192748","post","type-post","status-publish","format-standard","has-post-thumbnail","hentry","category-eventos-es"],"acf":[],"_links":{"self":[{"href":"https:\/\/controllab.com\/es\/wp-json\/wp\/v2\/posts\/192748","targetHints":{"allow":["GET"]}}],"collection":[{"href":"https:\/\/controllab.com\/es\/wp-json\/wp\/v2\/posts"}],"about":[{"href":"https:\/\/controllab.com\/es\/wp-json\/wp\/v2\/types\/post"}],"author":[{"embeddable":true,"href":"https:\/\/controllab.com\/es\/wp-json\/wp\/v2\/users\/1"}],"replies":[{"embeddable":true,"href":"https:\/\/controllab.com\/es\/wp-json\/wp\/v2\/comments?post=192748"}],"version-history":[{"count":4,"href":"https:\/\/controllab.com\/es\/wp-json\/wp\/v2\/posts\/192748\/revisions"}],"predecessor-version":[{"id":192788,"href":"https:\/\/controllab.com\/es\/wp-json\/wp\/v2\/posts\/192748\/revisions\/192788"}],"wp:featuredmedia":[{"embeddable":true,"href":"https:\/\/controllab.com\/es\/wp-json\/wp\/v2\/media\/192566"}],"wp:attachment":[{"href":"https:\/\/controllab.com\/es\/wp-json\/wp\/v2\/media?parent=192748"}],"wp:term":[{"taxonomy":"category","embeddable":true,"href":"https:\/\/controllab.com\/es\/wp-json\/wp\/v2\/categories?post=192748"},{"taxonomy":"post_tag","embeddable":true,"href":"https:\/\/controllab.com\/es\/wp-json\/wp\/v2\/tags?post=192748"}],"curies":[{"name":"wp","href":"https:\/\/api.w.org\/{rel}","templated":true}]}}