{"id":216853,"date":"2026-09-01T08:00:19","date_gmt":"2026-09-01T11:00:19","guid":{"rendered":"https:\/\/controllab.com\/?p=216853"},"modified":"2026-09-01T10:21:33","modified_gmt":"2026-09-01T13:21:33","slug":"sipat-2026-controllab","status":"publish","type":"post","link":"https:\/\/controllab.com\/es\/sipat-2026-controllab\/","title":{"rendered":"SIPAT 2026 fortalece la cultura del cuidado en Controllab"},"content":{"rendered":"\t\t<div data-elementor-type=\"wp-post\" data-elementor-id=\"216853\" class=\"elementor elementor-216853 elementor-216595\" data-elementor-post-type=\"post\">\n\t\t\t\t<div class=\"elementor-element elementor-element-81b1cbd e-flex e-con-boxed e-con e-parent\" data-id=\"81b1cbd\" data-element_type=\"container\" data-e-type=\"container\">\n\t\t\t\t\t<div class=\"e-con-inner\">\n\t\t\t\t<div class=\"elementor-element elementor-element-f5d370f elementor-widget elementor-widget-text-editor\" data-id=\"f5d370f\" data-element_type=\"widget\" data-e-type=\"widget\" data-widget_type=\"text-editor.default\">\n\t\t\t\t<div class=\"elementor-widget-container\">\n\t\t\t\t\t\t\t\t\t<p><em>Charlas, talleres y acciones solidarias movilizaron a la empresa durante una semana dedicada a la seguridad, la salud y el bienestar.<\/em><\/p>\t\t\t\t\t\t\t\t<\/div>\n\t\t\t\t<\/div>\n\t\t\t\t\t<\/div>\n\t\t\t\t<\/div>\n\t\t<div class=\"elementor-element elementor-element-630ad7d e-flex e-con-boxed e-con e-parent\" data-id=\"630ad7d\" data-element_type=\"container\" data-e-type=\"container\">\n\t\t\t\t\t<div class=\"e-con-inner\">\n\t\t\t\t<div class=\"elementor-element elementor-element-1ade5ef elementor-widget elementor-widget-text-editor\" data-id=\"1ade5ef\" data-element_type=\"widget\" data-e-type=\"widget\" data-widget_type=\"text-editor.default\">\n\t\t\t\t<div class=\"elementor-widget-container\">\n\t\t\t\t\t\t\t\t\t<p>Del 27 al 31 de julio, <a href=\"https:\/\/controllab.com\/es\/\" target=\"_blank\" rel=\"noopener\"><strong>Controllab<\/strong><\/a> llev\u00f3 a cabo una nueva edici\u00f3n de la <strong>Semana Interna de Prevenci\u00f3n de Accidentes Laborales (SIPAT)<\/strong>. Bajo el lema \u201cPrevenir y actuar: compromiso de todos\u201d, la programaci\u00f3n incluy\u00f3 charlas, talleres realizados en colaboraci\u00f3n con <a href=\"https:\/\/firjan.com.br\/espanol\/firjan\/default.htm\" target=\"_blank\" rel=\"noopener\"><strong>FIRJAN<\/strong><\/a> y el Desaf\u00edo de la SIPAT, una acci\u00f3n solidaria de recolecci\u00f3n de anillas de latas de aluminio.<\/p>\t\t\t\t\t\t\t\t<\/div>\n\t\t\t\t<\/div>\n\t\t\t\t\t<\/div>\n\t\t\t\t<\/div>\n\t\t<div class=\"elementor-element elementor-element-57e26bf e-flex e-con-boxed e-con e-parent\" data-id=\"57e26bf\" data-element_type=\"container\" data-e-type=\"container\">\n\t\t\t\t\t<div class=\"e-con-inner\">\n\t\t\t\t<div class=\"elementor-element elementor-element-2da3d6c elementor-widget elementor-widget-heading\" data-id=\"2da3d6c\" data-element_type=\"widget\" data-e-type=\"widget\" data-widget_type=\"heading.default\">\n\t\t\t\t<div class=\"elementor-widget-container\">\n\t\t\t\t\t<h4 class=\"elementor-heading-title elementor-size-default\">El conocimiento como herramienta de prevenci\u00f3n<\/h4>\t\t\t\t<\/div>\n\t\t\t\t<\/div>\n\t\t\t\t<div class=\"elementor-element elementor-element-59a60df elementor-widget elementor-widget-text-editor\" data-id=\"59a60df\" data-element_type=\"widget\" data-e-type=\"widget\" data-widget_type=\"text-editor.default\">\n\t\t\t\t<div class=\"elementor-widget-container\">\n\t\t\t\t\t\t\t\t\t<p>La programaci\u00f3n de la SIPAT 2026 reuni\u00f3 a especialistas para compartir conocimientos y promover la concienciaci\u00f3n sobre temas que impactan directamente en la salud, la seguridad y el bienestar. A lo largo de la semana, los participantes tuvieron acceso a contenidos sobre prevenci\u00f3n de accidentes, infecciones de transmisi\u00f3n sexual (ITS), \u00e9tica y prevenci\u00f3n del acoso, salud emocional y la importancia del diagn\u00f3stico precoz de diferentes tipos de c\u00e1ncer.<\/p><p>La prevenci\u00f3n tambi\u00e9n estuvo presente en la programaci\u00f3n a trav\u00e9s de una acci\u00f3n para identificar posibles riesgos para la salud, realizada en colaboraci\u00f3n con la empresa responsable de la atenci\u00f3n m\u00e9dica de los colaboradores. La iniciativa permiti\u00f3 detectar situaciones que requieren atenci\u00f3n y orientar a los empleados para que recibieran seguimiento por parte del equipo de medicina preventiva, ampliando las oportunidades de cuidado de la salud.<\/p><p>Estas iniciativas refuerzan el compromiso de Controllab de invertir continuamente en la promoci\u00f3n de un entorno laboral cada vez m\u00e1s seguro, respetuoso y saludable, fomentando una cultura del cuidado que beneficia a los colaboradores, los clientes y a la sociedad en su conjunto.<\/p>\t\t\t\t\t\t\t\t<\/div>\n\t\t\t\t<\/div>\n\t\t\t\t\t<\/div>\n\t\t\t\t<\/div>\n\t\t<div class=\"elementor-element elementor-element-81a0338 e-flex e-con-boxed e-con e-parent\" data-id=\"81a0338\" data-element_type=\"container\" data-e-type=\"container\">\n\t\t\t\t\t<div class=\"e-con-inner\">\n\t\t\t\t<div class=\"elementor-element elementor-element-c95582b elementor-widget elementor-widget-heading\" data-id=\"c95582b\" data-element_type=\"widget\" data-e-type=\"widget\" data-widget_type=\"heading.default\">\n\t\t\t\t<div class=\"elementor-widget-container\">\n\t\t\t\t\t<h4 class=\"elementor-heading-title elementor-size-default\">Aprendizaje, interacci\u00f3n y bienestar<\/h4>\t\t\t\t<\/div>\n\t\t\t\t<\/div>\n\t\t\t\t<div class=\"elementor-element elementor-element-7215a59 elementor-widget elementor-widget-text-editor\" data-id=\"7215a59\" data-element_type=\"widget\" data-e-type=\"widget\" data-widget_type=\"text-editor.default\">\n\t\t\t\t<div class=\"elementor-widget-container\">\n\t\t\t\t\t\t\t\t\t<p>En colaboraci\u00f3n con FIRJAN, Controllab tambi\u00e9n promovi\u00f3 talleres pr\u00e1cticos que fomentaron la adopci\u00f3n de h\u00e1bitos m\u00e1s saludables en el d\u00eda a d\u00eda. La alimentaci\u00f3n, el uso equilibrado de la tecnolog\u00eda, la integraci\u00f3n entre cuerpo y mente y las pr\u00e1cticas de autocuidado estuvieron entre los temas abordados, ampliando las oportunidades de aprendizaje y fomentando un cuidado integral de la salud y el bienestar.<\/p>\t\t\t\t\t\t\t\t<\/div>\n\t\t\t\t<\/div>\n\t\t\t\t\t<\/div>\n\t\t\t\t<\/div>\n\t\t<div class=\"elementor-element elementor-element-bee1922 e-flex e-con-boxed e-con e-parent\" data-id=\"bee1922\" data-element_type=\"container\" data-e-type=\"container\">\n\t\t\t\t\t<div class=\"e-con-inner\">\n\t\t\t\t<div class=\"elementor-element elementor-element-572e2ce elementor-widget elementor-widget-heading\" data-id=\"572e2ce\" data-element_type=\"widget\" data-e-type=\"widget\" data-widget_type=\"heading.default\">\n\t\t\t\t<div class=\"elementor-widget-container\">\n\t\t\t\t\t<h4 class=\"elementor-heading-title elementor-size-default\">Solidaridad y compromiso colectivo<\/h4>\t\t\t\t<\/div>\n\t\t\t\t<\/div>\n\t\t\t\t<div class=\"elementor-element elementor-element-f0261f2 elementor-widget elementor-widget-text-editor\" data-id=\"f0261f2\" data-element_type=\"widget\" data-e-type=\"widget\" data-widget_type=\"text-editor.default\">\n\t\t\t\t<div class=\"elementor-widget-container\">\n\t\t\t\t\t\t\t\t\t<p>Uno de los momentos destacados de la semana fue el Desaf\u00edo de la SIPAT, que moviliz\u00f3 a los colaboradores en torno a una causa solidaria.<\/p><p>La acci\u00f3n permiti\u00f3 recolectar casi 170 kilos de anillas de latas de aluminio, que fueron destinados a un <a href=\"https:\/\/www.instagram.com\/p\/DKQlwe6tlUJ\/\" target=\"_blank\" rel=\"noopener\"><strong>proyecto socioambiental<\/strong><\/a>. La iniciativa demostr\u00f3 c\u00f3mo el compromiso colectivo puede generar resultados significativos, ampliando el alcance de las acciones desarrolladas durante la semana.<\/p>\t\t\t\t\t\t\t\t<\/div>\n\t\t\t\t<\/div>\n\t\t\t\t\t<\/div>\n\t\t\t\t<\/div>\n\t\t<div class=\"elementor-element elementor-element-03c07f2 e-flex e-con-boxed e-con e-parent\" data-id=\"03c07f2\" data-element_type=\"container\" data-e-type=\"container\">\n\t\t\t\t\t<div class=\"e-con-inner\">\n\t\t\t\t<div class=\"elementor-element elementor-element-b769507 elementor-widget elementor-widget-heading\" data-id=\"b769507\" data-element_type=\"widget\" data-e-type=\"widget\" data-widget_type=\"heading.default\">\n\t\t\t\t<div class=\"elementor-widget-container\">\n\t\t\t\t\t<h4 class=\"elementor-heading-title elementor-size-default\">Una cultura que se fortalece<\/h4>\t\t\t\t<\/div>\n\t\t\t\t<\/div>\n\t\t\t\t<div class=\"elementor-element elementor-element-fb8c742 elementor-widget elementor-widget-text-editor\" data-id=\"fb8c742\" data-element_type=\"widget\" data-e-type=\"widget\" data-widget_type=\"text-editor.default\">\n\t\t\t\t<div class=\"elementor-widget-container\">\n\t\t\t\t\t\t\t\t\t<p>La SIPAT 2026 reafirm\u00f3 que la construcci\u00f3n de un entorno laboral seguro, saludable y respetuoso depende de la participaci\u00f3n de todos. Al reunir conocimientos, experiencias pr\u00e1cticas y acciones de compromiso colectivo, la iniciativa fortalece una cultura organizacional basada en el cuidado de las personas y refleja los valores que gu\u00edan la actuaci\u00f3n de Controllab.<\/p>\t\t\t\t\t\t\t\t<\/div>\n\t\t\t\t<\/div>\n\t\t\t\t\t<\/div>\n\t\t\t\t<\/div>\n\t\t\t\t<\/div>\n\t\t","protected":false},"excerpt":{"rendered":"<p>Charlas, talleres y acciones solidarias movilizaron a la empresa durante una semana dedicada a la seguridad, la salud y el bienestar. Del 27 al 31 de<span class=\"excerpt-hellip\"> [\u2026]<\/span><\/p>\n","protected":false},"author":2687,"featured_media":216968,"comment_status":"closed","ping_status":"closed","sticky":false,"template":"","format":"standard","meta":{"_acf_changed":false,"footnotes":""},"categories":[544,545],"tags":[],"class_list":["post-216853","post","type-post","status-publish","format-standard","has-post-thumbnail","hentry","category-eventos-es","category-noticias-es"],"acf":[],"_links":{"self":[{"href":"https:\/\/controllab.com\/es\/wp-json\/wp\/v2\/posts\/216853","targetHints":{"allow":["GET"]}}],"collection":[{"href":"https:\/\/controllab.com\/es\/wp-json\/wp\/v2\/posts"}],"about":[{"href":"https:\/\/controllab.com\/es\/wp-json\/wp\/v2\/types\/post"}],"author":[{"embeddable":true,"href":"https:\/\/controllab.com\/es\/wp-json\/wp\/v2\/users\/2687"}],"replies":[{"embeddable":true,"href":"https:\/\/controllab.com\/es\/wp-json\/wp\/v2\/comments?post=216853"}],"version-history":[{"count":4,"href":"https:\/\/controllab.com\/es\/wp-json\/wp\/v2\/posts\/216853\/revisions"}],"predecessor-version":[{"id":217133,"href":"https:\/\/controllab.com\/es\/wp-json\/wp\/v2\/posts\/216853\/revisions\/217133"}],"wp:featuredmedia":[{"embeddable":true,"href":"https:\/\/controllab.com\/es\/wp-json\/wp\/v2\/media\/216968"}],"wp:attachment":[{"href":"https:\/\/controllab.com\/es\/wp-json\/wp\/v2\/media?parent=216853"}],"wp:term":[{"taxonomy":"category","embeddable":true,"href":"https:\/\/controllab.com\/es\/wp-json\/wp\/v2\/categories?post=216853"},{"taxonomy":"post_tag","embeddable":true,"href":"https:\/\/controllab.com\/es\/wp-json\/wp\/v2\/tags?post=216853"}],"curies":[{"name":"wp","href":"https:\/\/api.w.org\/{rel}","templated":true}]}}