{"id":44575,"date":"2021-07-12T17:08:00","date_gmt":"2021-07-12T20:08:00","guid":{"rendered":"https:\/\/controllab.com\/?p=44575"},"modified":"2025-08-01T12:06:15","modified_gmt":"2025-08-01T15:06:15","slug":"controllab-participa-da-comemoracao-70-anos-lacensc","status":"publish","type":"post","link":"https:\/\/controllab.com\/es\/controllab-participa-da-comemoracao-70-anos-lacensc\/","title":{"rendered":"Controllab participa da comemora\u00e7\u00e3o dos 70 anos do LACEN\/SC"},"content":{"rendered":"\t\t<div data-elementor-type=\"wp-post\" data-elementor-id=\"44575\" class=\"elementor elementor-44575 elementor-44568\" data-elementor-post-type=\"post\">\n\t\t\t\t\t\t<section class=\"elementor-section elementor-top-section elementor-element elementor-element-185b268c elementor-section-boxed elementor-section-height-default elementor-section-height-default\" data-id=\"185b268c\" data-element_type=\"section\" data-e-type=\"section\">\n\t\t\t\t\t\t<div class=\"elementor-container elementor-column-gap-default\">\n\t\t\t\t\t<div class=\"elementor-column elementor-col-100 elementor-top-column elementor-element elementor-element-5ae09ce5\" data-id=\"5ae09ce5\" data-element_type=\"column\" data-e-type=\"column\">\n\t\t\t<div class=\"elementor-widget-wrap elementor-element-populated\">\n\t\t\t\t\t\t<div class=\"elementor-element elementor-element-7982d5f7 elementor-widget elementor-widget-text-editor\" data-id=\"7982d5f7\" data-element_type=\"widget\" data-e-type=\"widget\" data-widget_type=\"text-editor.default\">\n\t\t\t\t<div class=\"elementor-widget-container\">\n\t\t\t\t\t\t\t\t\t<p><em>O Laborat\u00f3rio Central de Sa\u00fade P\u00fablica de Santa Catarina (LACEN\/SC) completa 70 anos em 2021 e, para celebrar esse per\u00edodo, diversas atividades est\u00e3o em curso<\/em><\/p><p>O <a href=\"http:\/\/lacen.saude.sc.gov.br\/lacen_historico.php\" target=\"_blank\" rel=\"nofollow noopener\"><strong>LACEN\/SC<\/strong><\/a> celebrar\u00e1 mais um ano de sua trajet\u00f3ria e, entre as a\u00e7\u00f5es de comemora\u00e7\u00e3o, destacam-se palestras que contribuem para o aprimoramento dos seus servidores da unidade. Um dos parceiros convidados \u00e9 a <a href=\"http:\/\/www.controllab.com\"><strong>Controllab<\/strong><\/a><strong>,<\/strong> maior provedor de controle de qualidade do Brasil e da Am\u00e9rica Latina, que ministrar\u00e1 uma palestra no dia 19 de julho.<\/p><p>No encontro, a Controllab marcar\u00e1 presen\u00e7a falando sobre o <a href=\"https:\/\/controllab.com\/solucoes\/ensaio-de-proficiencia\/\"><strong>Ensaio de Profici\u00eancia (EP<\/strong>)<\/a> e seu funcionamento. Com o tema \u201cBoas pr\u00e1ticas na an\u00e1lise de dados do Ensaio de Profici\u00eancia\u00bb, ser\u00e3o discutidas as responsabilidades do provedor, a avalia\u00e7\u00e3o dos resultados e como analisar os dados, visando a confiabilidade dos laudos.<\/p><p>O Ensaio de Profici\u00eancia, tamb\u00e9m conhecido como Controle Externo da Qualidade, utiliza a compara\u00e7\u00e3o mercadol\u00f3gica para a identifica\u00e7\u00e3o de tend\u00eancias que n\u00e3o s\u00e3o percebidas de outra forma. O Programa \u00e9 respons\u00e1vel por levar informa\u00e7\u00f5es importantes para a rotina dos laborat\u00f3rios, tais como identificar falhas e possibilitar a tomada de a\u00e7\u00f5es corretivas ou preventivas.<\/p><p>\u201cPara garantir um melhor aproveitamento dos benef\u00edcios que o EP pode fornecer, \u00e9 importante que os resultados sejam analisados criticamente. Discutir essas an\u00e1lises com a Equipe LACEN\/SC \u00e9 uma oportunidade \u00edmpar de troca de experi\u00eancia com esses profissionais\u201d, explica Juliana Barroso, analista t\u00e9cnica da Gest\u00e3o de Servi\u00e7os da Controllab, que conduzir\u00e1 o encontro.<\/p><p>O LACEN \u00e9 um centro de refer\u00eancia estadual de conhecimento t\u00e9cnico em diagn\u00f3sticos laboratoriais nas \u00e1reas de Vigil\u00e2ncia Ambiental, Epidemiol\u00f3gica e Sanit\u00e1ria. Comemorar sua trajet\u00f3ria com atividades edificantes e de aprimoramento para os seus profissionais, refor\u00e7a o compromisso da institui\u00e7\u00e3o com o cidad\u00e3o.<\/p>\t\t\t\t\t\t\t\t<\/div>\n\t\t\t\t<\/div>\n\t\t\t\t\t<\/div>\n\t\t<\/div>\n\t\t\t\t\t<\/div>\n\t\t<\/section>\n\t\t\t\t<section class=\"elementor-section elementor-top-section elementor-element elementor-element-621211cc elementor-section-stretched elementor-section-boxed elementor-section-height-default elementor-section-height-default\" data-id=\"621211cc\" data-element_type=\"section\" data-e-type=\"section\" data-settings=\"{&quot;stretch_section&quot;:&quot;section-stretched&quot;}\">\n\t\t\t\t\t\t<div class=\"elementor-container elementor-column-gap-default\">\n\t\t\t\t\t<div class=\"elementor-column elementor-col-100 elementor-top-column elementor-element elementor-element-6c9486c3\" data-id=\"6c9486c3\" data-element_type=\"column\" data-e-type=\"column\">\n\t\t\t<div class=\"elementor-widget-wrap elementor-element-populated\">\n\t\t\t\t\t\t<div class=\"elementor-element elementor-element-7ca5157b elementor-widget elementor-widget-heading\" data-id=\"7ca5157b\" data-element_type=\"widget\" data-e-type=\"widget\" data-widget_type=\"heading.default\">\n\t\t\t\t<div class=\"elementor-widget-container\">\n\t\t\t\t\t<h2 class=\"elementor-heading-title elementor-size-default\">Not\u00edcias relacionadas<\/h2>\t\t\t\t<\/div>\n\t\t\t\t<\/div>\n\t\t\t\t<div class=\"elementor-element elementor-element-494c189 elementor-grid-3 elementor-grid-tablet-2 elementor-grid-mobile-1 elementor-posts--thumbnail-top elementor-widget elementor-widget-posts\" data-id=\"494c189\" data-element_type=\"widget\" data-e-type=\"widget\" data-settings=\"{&quot;classic_columns&quot;:&quot;3&quot;,&quot;classic_columns_tablet&quot;:&quot;2&quot;,&quot;classic_columns_mobile&quot;:&quot;1&quot;,&quot;classic_row_gap&quot;:{&quot;unit&quot;:&quot;px&quot;,&quot;size&quot;:35,&quot;sizes&quot;:[]},&quot;classic_row_gap_tablet&quot;:{&quot;unit&quot;:&quot;px&quot;,&quot;size&quot;:&quot;&quot;,&quot;sizes&quot;:[]},&quot;classic_row_gap_mobile&quot;:{&quot;unit&quot;:&quot;px&quot;,&quot;size&quot;:&quot;&quot;,&quot;sizes&quot;:[]}}\" data-widget_type=\"posts.classic\">\n\t\t\t\t<div class=\"elementor-widget-container\">\n\t\t\t\t\t\t\t<div class=\"elementor-posts-container elementor-posts elementor-posts--skin-classic elementor-grid\" role=\"list\">\n\t\t\t\t<article class=\"elementor-post elementor-grid-item post-43967 post type-post status-publish format-standard has-post-thumbnail hentry category-controle-de-qualidade category-noticias-es tag-controllab-es-2 tag-laboratorios-clinicos-es tag-sbpc-ml-es\" role=\"listitem\">\n\t\t\t\t<a class=\"elementor-post__thumbnail__link\" href=\"https:\/\/controllab.com\/es\/sbpc-controllab-pesquisa-laboratorios-clinicos\/\" tabindex=\"-1\">\n\t\t\t<div class=\"elementor-post__thumbnail\"><img fetchpriority=\"high\" decoding=\"async\" width=\"1024\" height=\"535\" src=\"https:\/\/controllab.com\/wp-content\/uploads\/WP-Pesquisa_GestaonaPandemia.jpg\" class=\"attachment-full size-full wp-image-43939\" alt=\"SBPC\" srcset=\"https:\/\/controllab.com\/wp-content\/uploads\/WP-Pesquisa_GestaonaPandemia.jpg 1024w, https:\/\/controllab.com\/wp-content\/uploads\/WP-Pesquisa_GestaonaPandemia-800x418.jpg 800w, https:\/\/controllab.com\/wp-content\/uploads\/WP-Pesquisa_GestaonaPandemia-64x33.jpg 64w, https:\/\/controllab.com\/wp-content\/uploads\/WP-Pesquisa_GestaonaPandemia-768x401.jpg 768w, https:\/\/controllab.com\/wp-content\/uploads\/WP-Pesquisa_GestaonaPandemia-260x136.jpg 260w, https:\/\/controllab.com\/wp-content\/uploads\/WP-Pesquisa_GestaonaPandemia-50x26.jpg 50w, https:\/\/controllab.com\/wp-content\/uploads\/WP-Pesquisa_GestaonaPandemia-144x75.jpg 144w\" sizes=\"(max-width:767px) 480px, (max-width:1024px) 100vw, 1024px\" \/><\/div>\n\t\t<\/a>\n\t\t\t\t<div class=\"elementor-post__text\">\n\t\t\t\t<h3 class=\"elementor-post__title\">\n\t\t\t<a href=\"https:\/\/controllab.com\/es\/sbpc-controllab-pesquisa-laboratorios-clinicos\/\">\n\t\t\t\tSBPC\/ML y Controllab realizan investigaciones con laboratorios cl\u00ednicos\t\t\t<\/a>\n\t\t<\/h3>\n\t\t\t\t<\/div>\n\t\t\t\t<\/article>\n\t\t\t\t<article class=\"elementor-post elementor-grid-item post-43749 post type-post status-publish format-standard has-post-thumbnail hentry category-control-de-calidad category-eventos category-noticias category-outros tag-controllab-es tag-controllab-es-2\" role=\"listitem\">\n\t\t\t\t<a class=\"elementor-post__thumbnail__link\" href=\"https:\/\/controllab.com\/es\/controllab-completa-44-anos-de-trayectoria-cuidando-la-vida\/\" tabindex=\"-1\">\n\t\t\t<div class=\"elementor-post__thumbnail\"><img decoding=\"async\" width=\"1024\" height=\"535\" src=\"https:\/\/controllab.com\/wp-content\/uploads\/WP_Controllab_44_anos.jpg\" class=\"attachment-full size-full wp-image-43762\" alt=\"Controllab\" srcset=\"https:\/\/controllab.com\/wp-content\/uploads\/WP_Controllab_44_anos.jpg 1024w, https:\/\/controllab.com\/wp-content\/uploads\/WP_Controllab_44_anos-800x418.jpg 800w, https:\/\/controllab.com\/wp-content\/uploads\/WP_Controllab_44_anos-64x33.jpg 64w, https:\/\/controllab.com\/wp-content\/uploads\/WP_Controllab_44_anos-768x401.jpg 768w, https:\/\/controllab.com\/wp-content\/uploads\/WP_Controllab_44_anos-260x136.jpg 260w, https:\/\/controllab.com\/wp-content\/uploads\/WP_Controllab_44_anos-50x26.jpg 50w, https:\/\/controllab.com\/wp-content\/uploads\/WP_Controllab_44_anos-144x75.jpg 144w\" sizes=\"(max-width:767px) 480px, (max-width:1024px) 100vw, 1024px\" \/><\/div>\n\t\t<\/a>\n\t\t\t\t<div class=\"elementor-post__text\">\n\t\t\t\t<h3 class=\"elementor-post__title\">\n\t\t\t<a href=\"https:\/\/controllab.com\/es\/controllab-completa-44-anos-de-trayectoria-cuidando-la-vida\/\">\n\t\t\t\tControllab completa 44 a\u00f1os de trayectoria cuidando la vida\t\t\t<\/a>\n\t\t<\/h3>\n\t\t\t\t<\/div>\n\t\t\t\t<\/article>\n\t\t\t\t<\/div>\n\t\t\n\t\t\t\t\t\t<\/div>\n\t\t\t\t<\/div>\n\t\t\t\t\t<\/div>\n\t\t<\/div>\n\t\t\t\t\t<\/div>\n\t\t<\/section>\n\t\t\t\t<\/div>\n\t\t","protected":false},"excerpt":{"rendered":"<p>O Laborat\u00f3rio Central de Sa\u00fade P\u00fablica de Santa Catarina (LACEN\/SC) completa 70 anos em 2021 e, para celebrar esse per\u00edodo, diversas atividades est\u00e3o em curso O<\/p>\n","protected":false},"author":1,"featured_media":44572,"comment_status":"closed","ping_status":"closed","sticky":false,"template":"","format":"standard","meta":{"_acf_changed":false,"footnotes":""},"categories":[544],"tags":[673,686,973],"class_list":["post-44575","post","type-post","status-publish","format-standard","has-post-thumbnail","hentry","category-eventos-es","tag-controllab-es-2","tag-ensayo-de-aptitud","tag-lacen-sc-es"],"acf":[],"_links":{"self":[{"href":"https:\/\/controllab.com\/es\/wp-json\/wp\/v2\/posts\/44575","targetHints":{"allow":["GET"]}}],"collection":[{"href":"https:\/\/controllab.com\/es\/wp-json\/wp\/v2\/posts"}],"about":[{"href":"https:\/\/controllab.com\/es\/wp-json\/wp\/v2\/types\/post"}],"author":[{"embeddable":true,"href":"https:\/\/controllab.com\/es\/wp-json\/wp\/v2\/users\/1"}],"replies":[{"embeddable":true,"href":"https:\/\/controllab.com\/es\/wp-json\/wp\/v2\/comments?post=44575"}],"version-history":[{"count":1,"href":"https:\/\/controllab.com\/es\/wp-json\/wp\/v2\/posts\/44575\/revisions"}],"predecessor-version":[{"id":192336,"href":"https:\/\/controllab.com\/es\/wp-json\/wp\/v2\/posts\/44575\/revisions\/192336"}],"wp:featuredmedia":[{"embeddable":true,"href":"https:\/\/controllab.com\/es\/wp-json\/wp\/v2\/media\/44572"}],"wp:attachment":[{"href":"https:\/\/controllab.com\/es\/wp-json\/wp\/v2\/media?parent=44575"}],"wp:term":[{"taxonomy":"category","embeddable":true,"href":"https:\/\/controllab.com\/es\/wp-json\/wp\/v2\/categories?post=44575"},{"taxonomy":"post_tag","embeddable":true,"href":"https:\/\/controllab.com\/es\/wp-json\/wp\/v2\/tags?post=44575"}],"curies":[{"name":"wp","href":"https:\/\/api.w.org\/{rel}","templated":true}]}}