{"id":47657,"date":"2021-09-01T10:57:13","date_gmt":"2021-09-01T13:57:13","guid":{"rendered":"https:\/\/controllab.com\/la-calidad-en-los-laboratorios-clinicos-en-tiempos-de-pandemia-es-el-tema-del-2do-congreso-virtual-de-sbpc-ml\/"},"modified":"2021-09-02T15:00:08","modified_gmt":"2021-09-02T18:00:08","slug":"calidad-laboratorio-tema-2-congreso-virtual-sbpc","status":"publish","type":"post","link":"https:\/\/controllab.com\/es\/calidad-laboratorio-tema-2-congreso-virtual-sbpc\/","title":{"rendered":"La Calidad en los laboratorios cl\u00ednicos en tiempos de pandemia es el tema del 2do Congreso Virtual de SBPC \/ ML"},"content":{"rendered":"\t\t<div data-elementor-type=\"wp-post\" data-elementor-id=\"47657\" class=\"elementor elementor-47657 elementor-47549\" data-elementor-post-type=\"post\">\n\t\t\t\t\t\t<section class=\"has_ae_slider elementor-section elementor-top-section elementor-element elementor-element-5eedc7f0 elementor-section-boxed elementor-section-height-default elementor-section-height-default ae-bg-gallery-type-default\" data-id=\"5eedc7f0\" data-element_type=\"section\" data-e-type=\"section\">\n\t\t\t\t\t\t<div class=\"elementor-container elementor-column-gap-default\">\n\t\t\t\t\t<div class=\"has_ae_slider elementor-column elementor-col-100 elementor-top-column elementor-element elementor-element-f03155c ae-bg-gallery-type-default\" data-id=\"f03155c\" data-element_type=\"column\" data-e-type=\"column\">\n\t\t\t<div class=\"elementor-widget-wrap elementor-element-populated\">\n\t\t\t\t\t\t<div class=\"elementor-element elementor-element-46d5cc45 elementor-widget elementor-widget-text-editor\" data-id=\"46d5cc45\" data-element_type=\"widget\" data-e-type=\"widget\" data-widget_type=\"text-editor.default\">\n\t\t\t\t<div class=\"elementor-widget-container\">\n\t\t\t\t\t\t\t\t\t<p><em>La actividad traer\u00e1 discusiones sobre las observaciones anal\u00edticas en Ensayos de Aptitud para Covid-19, los impactos de la pandemia en los Programas de Acreditaci\u00f3n, el aprendizaje y las contribuciones de la pandemia en la gesti\u00f3n de riesgos y la recolecci\u00f3n biol\u00f3gica en diversos entornos<\/em><\/p><p>El <a href=\"https:\/\/congressovirtualsbpcml.eventslab.com.br\/\" target=\"_blank\" rel=\"nofollow noopener\"><strong>2\u00ba Congreso Virtual de la Sociedad Brasile\u00f1a de Patolog\u00eda Cl\u00ednica y Medicina de Laboratorio (SBPC\/ML)<\/strong><\/a> tiene varias participaciones de <strong><a href=\"controllab.com\/es\">Controllab<\/a><\/strong>. El 8 de septiembre ser\u00e1 el momento de aportar a la red cient\u00edfica, en una mesa redonda, con la participaci\u00f3n de la gerente de Investigaci\u00f3n y Desarrollo, J\u00e9ssica Gomes.<\/p><p>Junto a los especialistas, la Gerente estar\u00e1 presente en la actividad que tiene como tema \u201cCalidad en los laboratorios cl\u00ednicos en tiempos de pandemia\u201d. En uno de los bloques, Jessica discutir\u00e1 con los participantes sobre los Ensayos de Aptitud para Covid-19: observaciones anal\u00edticas y discusi\u00f3n.<\/p><p>La representante de Controllab llevar\u00e1 datos relevantes sobre el desempe\u00f1o de los sistemas anal\u00edticos en el Ensayo de Aptitud para SARS-CoV-2 en los diferentes m\u00e9todos reportados, extrayendo informaci\u00f3n que contribuya a las rutinas anal\u00edticas.<\/p><p>Con la aparici\u00f3n de las variantes, se hizo imprescindible evaluar el rendimiento de los sistemas en este escenario y la capacidad de detectar correctamente el virus. Discutir los datos extra\u00eddos del Ensayo de Aptitud ayudar\u00e1 a los participantes a tomar decisiones sobre su rutina.<\/p><p>Consultar el horario de actividades:<\/p><table style=\"margin: 30px auto 15px auto; padding: 0 10px;\" border=\"0\" width=\"100%\" cellspacing=\"0\" cellpadding=\"0\"><tbody><tr><td style=\"width: 60%; font-weight: bold; background: #ccc; height: 25px; line-height: 35px; text-align: left;\" valign=\"top\">Tema<\/td><td style=\"font-weight: bold; background: #ccc; height: 25px; line-height: 35px; text-align: left;\" valign=\"top\">Ponente<\/td><\/tr><tr><td style=\"text-align: left; vertical-align: top;\" valign=\"top\"><p><strong>Ensayo de Aptitud para Covid-19: observaciones anal\u00edticas y discusi\u00f3n<\/strong><\/p><div class=\"destaque\">\u00a0<\/div><\/td><td style=\"text-align: left; vertical-align: top;\" valign=\"top\"><p><strong>J\u00e9ssica Gomes<\/strong><\/p><div style=\"font-size: 12px; color: #fff; font-weight: bold; background: #057b51; padding: 4px 5px; border-radius: 0px 15px 15px 0px; line-height: 1.5; width: 123px;\">| <strong>5:00pm a 5:20 pm <\/strong><\/div><\/td><\/tr><tr><td style=\"text-align: left; vertical-align: top; background: #f0f0f1;\" valign=\"top\"><strong>Impactos de la pandemia en los Programas de Acreditaci\u00f3n<\/strong><\/td><td style=\"text-align: left; vertical-align: top; background: #f0f0f1;\" valign=\"top\"><p><strong>Guilherme F. Oliveira<\/strong><\/p><div style=\"font-size: 12px; color: #fff; font-weight: bold; background: #057b51; padding: 4px 5px; border-radius: 0px 15px 15px 0px; line-height: 1.5; width: 123px;\">| <strong>5:20pm a 5:40pm <\/strong><\/div><\/td><\/tr><tr><td style=\"text-align: left; vertical-align: top;\" valign=\"top\"><strong>Aprendizajes y contribuciones de la pandemia a la gesti\u00f3n de riesgos<\/strong><\/td><td style=\"text-align: left; vertical-align: top;\" valign=\"top\"><p><strong>Dra. Claudia Maria Meira Dias<\/strong><\/p><div style=\"font-size: 12px; color: #fff; font-weight: bold; background: #057b51; padding: 4px 5px; border-radius: 0px 15px 15px 0px; line-height: 1.5; width: 123px;\">| <strong>5:40pm a 6:00pm <\/strong><\/div><\/td><\/tr><tr><td style=\"text-align: left; vertical-align: top;\" valign=\"top\"><strong>Colecci\u00f3n Biol\u00f3gica en diferentes ambientes<\/strong><\/td><td style=\"text-align: left; vertical-align: top;\" valign=\"top\"><p><strong>Amanda Almeida Fernandes<\/strong><\/p><div style=\"font-size: 12px; color: #fff; font-weight: bold; background: #057b51; padding: 4px 5px; border-radius: 0px 15px 15px 0px; line-height: 1.5; width: 123px;\">| <strong>6:00pm a 6:20pm <\/strong><\/div><\/td><\/tr><tr><td style=\"text-align: left; vertical-align: top;\" valign=\"top\"><strong>Discusi\u00f3n<\/strong><\/td><td style=\"text-align: left; vertical-align: top;\" valign=\"top\"><div style=\"font-size: 12px; color: #fff; font-weight: bold; background: #057b51; padding: 4px 5px; border-radius: 0px 15px 15px 0px; line-height: 1.5; width: 123px;\">| <strong>6:20pm a 6:45pm <\/strong><\/div><\/td><\/tr><\/tbody><\/table><p>La mesa redonda tendr\u00e1 lugar el d\u00eda 8 de septiembre (mi\u00e9rcoles), a partir de las 5pm en la sala 02. Esta es otra de las actividades de la red cient\u00edfica innovadora y de gran relevancia del Congreso, que tiene como tema central \u201cTransformaci\u00f3n Digital: tendencias y desaf\u00edos en medicina de laboratorio\u00bb.<\/p><p>Para participar, reg\u00edstrese en <a href=\"https:\/\/bit.ly\/3yXmKG9\" target=\"_blank\" rel=\"noopener sponsored\"><strong>este enlace<\/strong><\/a><strong>.<\/strong><\/p>\t\t\t\t\t\t\t\t<\/div>\n\t\t\t\t<\/div>\n\t\t\t\t\t<\/div>\n\t\t<\/div>\n\t\t\t\t\t<\/div>\n\t\t<\/section>\n\t\t\t\t<section class=\"has_ae_slider elementor-section elementor-top-section elementor-element elementor-element-38f662fc elementor-section-stretched elementor-section-boxed elementor-section-height-default elementor-section-height-default ae-bg-gallery-type-default\" data-id=\"38f662fc\" data-element_type=\"section\" data-e-type=\"section\" data-settings=\"{&quot;stretch_section&quot;:&quot;section-stretched&quot;}\">\n\t\t\t\t\t\t<div class=\"elementor-container elementor-column-gap-default\">\n\t\t\t\t\t<div class=\"has_ae_slider elementor-column elementor-col-100 elementor-top-column elementor-element elementor-element-4a557155 ae-bg-gallery-type-default\" data-id=\"4a557155\" data-element_type=\"column\" data-e-type=\"column\">\n\t\t\t<div class=\"elementor-widget-wrap elementor-element-populated\">\n\t\t\t\t\t\t<div class=\"elementor-element elementor-element-205abf08 elementor-widget elementor-widget-heading\" data-id=\"205abf08\" data-element_type=\"widget\" data-e-type=\"widget\" data-widget_type=\"heading.default\">\n\t\t\t\t<div class=\"elementor-widget-container\">\n\t\t\t\t\t<h2 class=\"elementor-heading-title elementor-size-default\">Noticias relacionadas<\/h2>\t\t\t\t<\/div>\n\t\t\t\t<\/div>\n\t\t\t\t<div class=\"elementor-element elementor-element-71b8ede elementor-grid-3 elementor-grid-tablet-2 elementor-grid-mobile-1 elementor-posts--thumbnail-top elementor-widget elementor-widget-posts\" data-id=\"71b8ede\" data-element_type=\"widget\" data-e-type=\"widget\" data-settings=\"{&quot;classic_columns&quot;:&quot;3&quot;,&quot;classic_columns_tablet&quot;:&quot;2&quot;,&quot;classic_columns_mobile&quot;:&quot;1&quot;,&quot;classic_row_gap&quot;:{&quot;unit&quot;:&quot;px&quot;,&quot;size&quot;:35,&quot;sizes&quot;:[]},&quot;classic_row_gap_tablet&quot;:{&quot;unit&quot;:&quot;px&quot;,&quot;size&quot;:&quot;&quot;,&quot;sizes&quot;:[]},&quot;classic_row_gap_mobile&quot;:{&quot;unit&quot;:&quot;px&quot;,&quot;size&quot;:&quot;&quot;,&quot;sizes&quot;:[]}}\" data-widget_type=\"posts.classic\">\n\t\t\t\t<div class=\"elementor-widget-container\">\n\t\t\t\t\t\t\t<div class=\"elementor-posts-container elementor-posts elementor-posts--skin-classic elementor-grid\" role=\"list\">\n\t\t\t\t<article class=\"elementor-post elementor-grid-item post-47597 post type-post status-publish format-standard has-post-thumbnail hentry category-eventos-es category-gestion-de-la-calidad-analitica category-noticias-es tag-controllab-es-2 tag-controllab-es tag-gestao-da-qualidade-analitica-es tag-laboratorios-clinicos-es tag-sbpc-ml-es\" role=\"listitem\">\n\t\t\t\t<a class=\"elementor-post__thumbnail__link\" href=\"https:\/\/controllab.com\/es\/calidad-analitica-2-congreso-virtual-de-sbpc-ml\/\" tabindex=\"-1\">\n\t\t\t<div class=\"elementor-post__thumbnail\"><img fetchpriority=\"high\" decoding=\"async\" width=\"1024\" height=\"535\" src=\"https:\/\/controllab.com\/wp-content\/uploads\/WP-ES_materia_Controllab_89_img01.png\" class=\"attachment-full size-full wp-image-47867\" alt=\"Calidad\" srcset=\"https:\/\/controllab.com\/wp-content\/uploads\/WP-ES_materia_Controllab_89_img01.png 1024w, https:\/\/controllab.com\/wp-content\/uploads\/WP-ES_materia_Controllab_89_img01-800x418.png 800w, https:\/\/controllab.com\/wp-content\/uploads\/WP-ES_materia_Controllab_89_img01-64x33.png 64w, https:\/\/controllab.com\/wp-content\/uploads\/WP-ES_materia_Controllab_89_img01-768x401.png 768w, https:\/\/controllab.com\/wp-content\/uploads\/WP-ES_materia_Controllab_89_img01-260x136.png 260w, https:\/\/controllab.com\/wp-content\/uploads\/WP-ES_materia_Controllab_89_img01-50x26.png 50w, https:\/\/controllab.com\/wp-content\/uploads\/WP-ES_materia_Controllab_89_img01-144x75.png 144w\" sizes=\"(max-width:767px) 480px, (max-width:1024px) 100vw, 1024px\" \/><\/div>\n\t\t<\/a>\n\t\t\t\t<div class=\"elementor-post__text\">\n\t\t\t\t<h3 class=\"elementor-post__title\">\n\t\t\t<a href=\"https:\/\/controllab.com\/es\/calidad-analitica-2-congreso-virtual-de-sbpc-ml\/\">\n\t\t\t\tCalidad anal\u00edtica es el tema del curso en el 2do Congreso Virtual de SBPC\/ML\t\t\t<\/a>\n\t\t<\/h3>\n\t\t\t\t<\/div>\n\t\t\t\t<\/article>\n\t\t\t\t<article class=\"elementor-post elementor-grid-item post-47305 post type-post status-publish format-standard has-post-thumbnail hentry category-noticias-es category-eventos-es tag-control-de-calidad tag-controllab-es-2 tag-controllab-es tag-ensayo-de-aptitud tag-sbpc-ml-es\" role=\"listitem\">\n\t\t\t\t<a class=\"elementor-post__thumbnail__link\" href=\"https:\/\/controllab.com\/es\/controllab-taller-2congreso-virtual-sbpc\/\" tabindex=\"-1\">\n\t\t\t<div class=\"elementor-post__thumbnail\"><img decoding=\"async\" width=\"1024\" height=\"535\" src=\"https:\/\/controllab.com\/wp-content\/uploads\/congresso_virtual_SBPC-ML_Workshop_ensaio_de_proficienciaWP-ES-3.jpg\" class=\"attachment-full size-full wp-image-47639\" alt=\"Taller\" srcset=\"https:\/\/controllab.com\/wp-content\/uploads\/congresso_virtual_SBPC-ML_Workshop_ensaio_de_proficienciaWP-ES-3.jpg 1024w, https:\/\/controllab.com\/wp-content\/uploads\/congresso_virtual_SBPC-ML_Workshop_ensaio_de_proficienciaWP-ES-3-800x418.jpg 800w, https:\/\/controllab.com\/wp-content\/uploads\/congresso_virtual_SBPC-ML_Workshop_ensaio_de_proficienciaWP-ES-3-64x33.jpg 64w, https:\/\/controllab.com\/wp-content\/uploads\/congresso_virtual_SBPC-ML_Workshop_ensaio_de_proficienciaWP-ES-3-768x401.jpg 768w, https:\/\/controllab.com\/wp-content\/uploads\/congresso_virtual_SBPC-ML_Workshop_ensaio_de_proficienciaWP-ES-3-260x136.jpg 260w, https:\/\/controllab.com\/wp-content\/uploads\/congresso_virtual_SBPC-ML_Workshop_ensaio_de_proficienciaWP-ES-3-50x26.jpg 50w, https:\/\/controllab.com\/wp-content\/uploads\/congresso_virtual_SBPC-ML_Workshop_ensaio_de_proficienciaWP-ES-3-144x75.jpg 144w\" sizes=\"(max-width:767px) 480px, (max-width:1024px) 100vw, 1024px\" \/><\/div>\n\t\t<\/a>\n\t\t\t\t<div class=\"elementor-post__text\">\n\t\t\t\t<h3 class=\"elementor-post__title\">\n\t\t\t<a href=\"https:\/\/controllab.com\/es\/controllab-taller-2congreso-virtual-sbpc\/\">\n\t\t\t\tControllab discute el rendimiento de los sistemas en un Taller en el 2do Congreso Virtual SBPC\/ML\t\t\t<\/a>\n\t\t<\/h3>\n\t\t\t\t<\/div>\n\t\t\t\t<\/article>\n\t\t\t\t<article class=\"elementor-post elementor-grid-item post-46564 post type-post status-publish format-standard has-post-thumbnail hentry category-eventos-es category-noticias-es tag-controllab-es tag-controllab-es-2 tag-laboratorios-clinicos-es tag-sbpc-ml-es\" role=\"listitem\">\n\t\t\t\t<a class=\"elementor-post__thumbnail__link\" href=\"https:\/\/controllab.com\/es\/controllab-datos-control-calidad-2-congreso-sbpc\/\" tabindex=\"-1\">\n\t\t\t<div class=\"elementor-post__thumbnail\"><img decoding=\"async\" width=\"1024\" height=\"535\" src=\"https:\/\/controllab.com\/wp-content\/uploads\/WP-2ocongresso_virtual_SPBC-ML_ES.jpg\" class=\"attachment-full size-full wp-image-46592\" alt=\"Congreso\" srcset=\"https:\/\/controllab.com\/wp-content\/uploads\/WP-2ocongresso_virtual_SPBC-ML_ES.jpg 1024w, https:\/\/controllab.com\/wp-content\/uploads\/WP-2ocongresso_virtual_SPBC-ML_ES-800x418.jpg 800w, https:\/\/controllab.com\/wp-content\/uploads\/WP-2ocongresso_virtual_SPBC-ML_ES-64x33.jpg 64w, https:\/\/controllab.com\/wp-content\/uploads\/WP-2ocongresso_virtual_SPBC-ML_ES-768x401.jpg 768w, https:\/\/controllab.com\/wp-content\/uploads\/WP-2ocongresso_virtual_SPBC-ML_ES-260x136.jpg 260w, https:\/\/controllab.com\/wp-content\/uploads\/WP-2ocongresso_virtual_SPBC-ML_ES-50x26.jpg 50w, https:\/\/controllab.com\/wp-content\/uploads\/WP-2ocongresso_virtual_SPBC-ML_ES-144x75.jpg 144w\" sizes=\"(max-width:767px) 480px, (max-width:1024px) 100vw, 1024px\" \/><\/div>\n\t\t<\/a>\n\t\t\t\t<div class=\"elementor-post__text\">\n\t\t\t\t<h3 class=\"elementor-post__title\">\n\t\t\t<a href=\"https:\/\/controllab.com\/es\/controllab-datos-control-calidad-2-congreso-sbpc\/\">\n\t\t\t\tControllab discutir\u00e1 los datos de control de calidad en el 2\u00b0 Congreso Virtual SBPC\/ML\t\t\t<\/a>\n\t\t<\/h3>\n\t\t\t\t<\/div>\n\t\t\t\t<\/article>\n\t\t\t\t<\/div>\n\t\t\n\t\t\t\t\t\t<\/div>\n\t\t\t\t<\/div>\n\t\t\t\t\t<\/div>\n\t\t<\/div>\n\t\t\t\t\t<\/div>\n\t\t<\/section>\n\t\t\t\t<\/div>\n\t\t","protected":false},"excerpt":{"rendered":"<p>La actividad traer\u00e1 discusiones sobre las observaciones anal\u00edticas en Ensayos de Aptitud para Covid-19, los impactos de la pandemia en los Programas de Acreditaci\u00f3n, el aprendizaje<\/p>\n","protected":false},"author":1,"featured_media":47683,"comment_status":"closed","ping_status":"closed","sticky":false,"template":"","format":"standard","meta":{"_acf_changed":false,"footnotes":""},"categories":[544,545],"tags":[690,665,673,686,902],"class_list":["post-47657","post","type-post","status-publish","format-standard","has-post-thumbnail","hentry","category-eventos-es","category-noticias-es","tag-control-de-calidad","tag-controllab-es","tag-controllab-es-2","tag-ensayo-de-aptitud","tag-sbpc-ml-es"],"acf":[],"_links":{"self":[{"href":"https:\/\/controllab.com\/es\/wp-json\/wp\/v2\/posts\/47657","targetHints":{"allow":["GET"]}}],"collection":[{"href":"https:\/\/controllab.com\/es\/wp-json\/wp\/v2\/posts"}],"about":[{"href":"https:\/\/controllab.com\/es\/wp-json\/wp\/v2\/types\/post"}],"author":[{"embeddable":true,"href":"https:\/\/controllab.com\/es\/wp-json\/wp\/v2\/users\/1"}],"replies":[{"embeddable":true,"href":"https:\/\/controllab.com\/es\/wp-json\/wp\/v2\/comments?post=47657"}],"version-history":[{"count":0,"href":"https:\/\/controllab.com\/es\/wp-json\/wp\/v2\/posts\/47657\/revisions"}],"wp:featuredmedia":[{"embeddable":true,"href":"https:\/\/controllab.com\/es\/wp-json\/wp\/v2\/media\/47683"}],"wp:attachment":[{"href":"https:\/\/controllab.com\/es\/wp-json\/wp\/v2\/media?parent=47657"}],"wp:term":[{"taxonomy":"category","embeddable":true,"href":"https:\/\/controllab.com\/es\/wp-json\/wp\/v2\/categories?post=47657"},{"taxonomy":"post_tag","embeddable":true,"href":"https:\/\/controllab.com\/es\/wp-json\/wp\/v2\/tags?post=47657"}],"curies":[{"name":"wp","href":"https:\/\/api.w.org\/{rel}","templated":true}]}}