{"id":47875,"date":"2021-09-06T10:13:20","date_gmt":"2021-09-06T13:13:20","guid":{"rendered":"https:\/\/controllab.com\/controllabrendimiento-de-dispositivos-in-vitro-frente-al-ensayo-de-aptitud-es-tema-en-el-2do-congreso-virtual-sbpc-ml\/"},"modified":"2021-09-08T10:58:15","modified_gmt":"2021-09-08T13:58:15","slug":"rendimiento-in-vitro-2-congreso-virtual-sbpc","status":"publish","type":"post","link":"https:\/\/controllab.com\/es\/rendimiento-in-vitro-2-congreso-virtual-sbpc\/","title":{"rendered":"Rendimiento de dispositivos in vitro frente al Ensayo de Aptitud es tema en el 2do Congreso Virtual SBPC\/ML"},"content":{"rendered":"\t\t<div data-elementor-type=\"wp-post\" data-elementor-id=\"47875\" class=\"elementor elementor-47875 elementor-47814\" data-elementor-post-type=\"post\">\n\t\t\t\t\t\t<section class=\"has_ae_slider elementor-section elementor-top-section elementor-element elementor-element-335bd315 elementor-section-boxed elementor-section-height-default elementor-section-height-default ae-bg-gallery-type-default\" data-id=\"335bd315\" data-element_type=\"section\" data-e-type=\"section\">\n\t\t\t\t\t\t<div class=\"elementor-container elementor-column-gap-default\">\n\t\t\t\t\t<div class=\"has_ae_slider elementor-column elementor-col-100 elementor-top-column elementor-element elementor-element-57f11eb7 ae-bg-gallery-type-default\" data-id=\"57f11eb7\" data-element_type=\"column\" data-e-type=\"column\">\n\t\t\t<div class=\"elementor-widget-wrap elementor-element-populated\">\n\t\t\t\t\t\t<div class=\"elementor-element elementor-element-4427ae90 elementor-widget elementor-widget-text-editor\" data-id=\"4427ae90\" data-element_type=\"widget\" data-e-type=\"widget\" data-widget_type=\"text-editor.default\">\n\t\t\t\t<div class=\"elementor-widget-container\">\n\t\t\t\t\t\t\t\t\t<p><em>Un taller promovido por Controllab permitir\u00e1 a los participantes de la actividad acceder a informaci\u00f3n que contribuya a mejores decisiones en sus procesos anal\u00edticos<\/em><\/p>\n<p>El 9 de septiembre, en el <strong><a href=\"https:\/\/congressovirtualsbpcml.eventslab.com.br\/\" target=\"_blank\" rel=\"nofollow noopener\">2\u00ba Congreso Virtual de la Sociedad Brasile\u00f1a de Patolog\u00eda Cl\u00ednica y Medicina de Laboratorio (SBPC\/ML)<\/a><\/strong>, <strong><a href=\"controllab.com\/es\">Controllab<\/a><\/strong> promover\u00e1 el Taller \u201cDesempe\u00f1o de dispositivos in vitro frente al Ensayo de Aptitud\u201d. La actividad forma parte del programa del congreso, que aborda el tema central \u00abTransformaci\u00f3n digital: tendencias y desaf\u00edos en la medicina de laboratorio\u00bb, donde se destacan los datos como pautas para las decisiones sobre las rutinas de laboratorio.<\/p>\n<p>En el Taller, Rafael Lopes, Gestor de Servicios de Controllab, discutir\u00e1 los datos de los sistemas anal\u00edticos observados en la comparaci\u00f3n interlaboratorio. \u00abEl comportamiento de los dispositivos, incluidas las modalidades del sistema, las metodolog\u00edas, la tecnolog\u00eda y otros impactos externos e internos en la utilizaci\u00f3n de estos dispositivos, muestran una variaci\u00f3n en los datos que, si se transportan a las decisiones m\u00e9dicas, basadas en este desempe\u00f1o, plantea algunas preguntas que tanto los fabricantes como los usuarios deben observar \u201d, informa Rafael Lopes.<\/p>\n<p>Adem\u00e1s, se demostrar\u00e1 un estudio sobre materiales de control que demuestre la importancia de las herramientas de calidad para identificar variaciones entre lotes de reactivos.<\/p>\n<p>La presentaci\u00f3n contiene gr\u00e1ficos que ilustran did\u00e1cticamente el comportamiento de los resultados, acompa\u00f1ados de coeficientes de variaci\u00f3n, porcentajes de adecuaci\u00f3n y discusiones de defectos por mill\u00f3n de oportunidades (DPMO), cuando corresponda.<\/p>\n<p>La actividad tendr\u00e1 lugar el d\u00eda 9 de septiembre (jueves), a partir de las 3pm, en la sala 01. El <strong><a href=\"https:\/\/agenda.eventslab.com.br\/evento\/workshop-12\/\" target=\"_blank\" rel=\"noopener sponsored\">taller<\/a><\/strong> tendr\u00e1 una duraci\u00f3n de 30 minutos y contribuir\u00e1 a la evoluci\u00f3n de los procesos anal\u00edticos.<\/p>\n<p>Durante la exhibici\u00f3n del Taller, Rafael Lopes interactuar\u00e1 con los participantes para intercambiar experiencias y responder preguntas u otras cuestiones relacionadas con el contenido.<\/p>\n\t\t\t\t\t\t\t\t<\/div>\n\t\t\t\t<\/div>\n\t\t\t\t\t<\/div>\n\t\t<\/div>\n\t\t\t\t\t<\/div>\n\t\t<\/section>\n\t\t\t\t<section class=\"has_ae_slider elementor-section elementor-top-section elementor-element elementor-element-56bca612 elementor-section-stretched elementor-section-boxed elementor-section-height-default elementor-section-height-default ae-bg-gallery-type-default\" data-id=\"56bca612\" data-element_type=\"section\" data-e-type=\"section\" data-settings=\"{&quot;stretch_section&quot;:&quot;section-stretched&quot;}\">\n\t\t\t\t\t\t<div class=\"elementor-container elementor-column-gap-default\">\n\t\t\t\t\t<div class=\"has_ae_slider elementor-column elementor-col-100 elementor-top-column elementor-element elementor-element-eaa9fd0 ae-bg-gallery-type-default\" data-id=\"eaa9fd0\" data-element_type=\"column\" data-e-type=\"column\">\n\t\t\t<div class=\"elementor-widget-wrap elementor-element-populated\">\n\t\t\t\t\t\t<div class=\"elementor-element elementor-element-3960dbd9 elementor-widget elementor-widget-heading\" data-id=\"3960dbd9\" data-element_type=\"widget\" data-e-type=\"widget\" data-widget_type=\"heading.default\">\n\t\t\t\t<div class=\"elementor-widget-container\">\n\t\t\t\t\t<h2 class=\"elementor-heading-title elementor-size-default\">Noticias relacionadas<\/h2>\t\t\t\t<\/div>\n\t\t\t\t<\/div>\n\t\t\t\t<div class=\"elementor-element elementor-element-3bf8641 elementor-grid-3 elementor-grid-tablet-2 elementor-grid-mobile-1 elementor-posts--thumbnail-top elementor-widget elementor-widget-posts\" data-id=\"3bf8641\" data-element_type=\"widget\" data-e-type=\"widget\" data-settings=\"{&quot;classic_columns&quot;:&quot;3&quot;,&quot;classic_columns_tablet&quot;:&quot;2&quot;,&quot;classic_columns_mobile&quot;:&quot;1&quot;,&quot;classic_row_gap&quot;:{&quot;unit&quot;:&quot;px&quot;,&quot;size&quot;:35,&quot;sizes&quot;:[]},&quot;classic_row_gap_tablet&quot;:{&quot;unit&quot;:&quot;px&quot;,&quot;size&quot;:&quot;&quot;,&quot;sizes&quot;:[]},&quot;classic_row_gap_mobile&quot;:{&quot;unit&quot;:&quot;px&quot;,&quot;size&quot;:&quot;&quot;,&quot;sizes&quot;:[]}}\" data-widget_type=\"posts.classic\">\n\t\t\t\t<div class=\"elementor-widget-container\">\n\t\t\t\t\t\t\t<div class=\"elementor-posts-container elementor-posts elementor-posts--skin-classic elementor-grid\" role=\"list\">\n\t\t\t\t<article class=\"elementor-post elementor-grid-item post-47657 post type-post status-publish format-standard has-post-thumbnail hentry category-eventos-es category-noticias-es tag-control-de-calidad tag-controllab-es-2 tag-controllab-es tag-ensayo-de-aptitud tag-sbpc-ml-es\" role=\"listitem\">\n\t\t\t\t<a class=\"elementor-post__thumbnail__link\" href=\"https:\/\/controllab.com\/es\/calidad-laboratorio-tema-2-congreso-virtual-sbpc\/\" tabindex=\"-1\">\n\t\t\t<div class=\"elementor-post__thumbnail\"><img fetchpriority=\"high\" decoding=\"async\" width=\"1024\" height=\"535\" src=\"https:\/\/controllab.com\/wp-content\/uploads\/WP-ES-Qualidade-Mat02-1.png\" class=\"attachment-full size-full wp-image-47683\" alt=\"Calidad\" srcset=\"https:\/\/controllab.com\/wp-content\/uploads\/WP-ES-Qualidade-Mat02-1.png 1024w, https:\/\/controllab.com\/wp-content\/uploads\/WP-ES-Qualidade-Mat02-1-800x418.png 800w, https:\/\/controllab.com\/wp-content\/uploads\/WP-ES-Qualidade-Mat02-1-64x33.png 64w, https:\/\/controllab.com\/wp-content\/uploads\/WP-ES-Qualidade-Mat02-1-768x401.png 768w, https:\/\/controllab.com\/wp-content\/uploads\/WP-ES-Qualidade-Mat02-1-260x136.png 260w, https:\/\/controllab.com\/wp-content\/uploads\/WP-ES-Qualidade-Mat02-1-50x26.png 50w, https:\/\/controllab.com\/wp-content\/uploads\/WP-ES-Qualidade-Mat02-1-144x75.png 144w\" sizes=\"(max-width:767px) 480px, (max-width:1024px) 100vw, 1024px\" \/><\/div>\n\t\t<\/a>\n\t\t\t\t<div class=\"elementor-post__text\">\n\t\t\t\t<h3 class=\"elementor-post__title\">\n\t\t\t<a href=\"https:\/\/controllab.com\/es\/calidad-laboratorio-tema-2-congreso-virtual-sbpc\/\">\n\t\t\t\tLa Calidad en los laboratorios cl\u00ednicos en tiempos de pandemia es el tema del 2do Congreso Virtual de SBPC \/ ML\t\t\t<\/a>\n\t\t<\/h3>\n\t\t\t\t<\/div>\n\t\t\t\t<\/article>\n\t\t\t\t<article class=\"elementor-post elementor-grid-item post-47597 post type-post status-publish format-standard has-post-thumbnail hentry category-eventos-es category-gestion-de-la-calidad-analitica category-noticias-es tag-controllab-es-2 tag-controllab-es tag-gestao-da-qualidade-analitica-es tag-laboratorios-clinicos-es tag-sbpc-ml-es\" role=\"listitem\">\n\t\t\t\t<a class=\"elementor-post__thumbnail__link\" href=\"https:\/\/controllab.com\/es\/calidad-analitica-2-congreso-virtual-de-sbpc-ml\/\" tabindex=\"-1\">\n\t\t\t<div class=\"elementor-post__thumbnail\"><img decoding=\"async\" width=\"1024\" height=\"535\" src=\"https:\/\/controllab.com\/wp-content\/uploads\/WP-ES_materia_Controllab_89_img01.png\" class=\"attachment-full size-full wp-image-47867\" alt=\"Calidad\" srcset=\"https:\/\/controllab.com\/wp-content\/uploads\/WP-ES_materia_Controllab_89_img01.png 1024w, https:\/\/controllab.com\/wp-content\/uploads\/WP-ES_materia_Controllab_89_img01-800x418.png 800w, https:\/\/controllab.com\/wp-content\/uploads\/WP-ES_materia_Controllab_89_img01-64x33.png 64w, https:\/\/controllab.com\/wp-content\/uploads\/WP-ES_materia_Controllab_89_img01-768x401.png 768w, https:\/\/controllab.com\/wp-content\/uploads\/WP-ES_materia_Controllab_89_img01-260x136.png 260w, https:\/\/controllab.com\/wp-content\/uploads\/WP-ES_materia_Controllab_89_img01-50x26.png 50w, https:\/\/controllab.com\/wp-content\/uploads\/WP-ES_materia_Controllab_89_img01-144x75.png 144w\" sizes=\"(max-width:767px) 480px, (max-width:1024px) 100vw, 1024px\" \/><\/div>\n\t\t<\/a>\n\t\t\t\t<div class=\"elementor-post__text\">\n\t\t\t\t<h3 class=\"elementor-post__title\">\n\t\t\t<a href=\"https:\/\/controllab.com\/es\/calidad-analitica-2-congreso-virtual-de-sbpc-ml\/\">\n\t\t\t\tCalidad anal\u00edtica es el tema del curso en el 2do Congreso Virtual de SBPC\/ML\t\t\t<\/a>\n\t\t<\/h3>\n\t\t\t\t<\/div>\n\t\t\t\t<\/article>\n\t\t\t\t<article class=\"elementor-post elementor-grid-item post-47588 post type-post status-publish format-standard has-post-thumbnail hentry category-eventos-es category-metricare category-noticias-es tag-benchmarking tag-controllab-es tag-sbpc-ml-es\" role=\"listitem\">\n\t\t\t\t<a class=\"elementor-post__thumbnail__link\" href=\"https:\/\/controllab.com\/es\/indicadores-y-benchmarking-de-laboratorio-es-tema-del-curso-en-el-2do-congreso-virtual-de-sbpc-ml\/\" tabindex=\"-1\">\n\t\t\t<div class=\"elementor-post__thumbnail\"><img decoding=\"async\" width=\"1024\" height=\"535\" src=\"https:\/\/controllab.com\/wp-content\/uploads\/congresso_virtual_SBPC-ML_CP03_IND_materia02WP-ES.jpg\" class=\"attachment-full size-full wp-image-47606\" alt=\"\" srcset=\"https:\/\/controllab.com\/wp-content\/uploads\/congresso_virtual_SBPC-ML_CP03_IND_materia02WP-ES.jpg 1024w, https:\/\/controllab.com\/wp-content\/uploads\/congresso_virtual_SBPC-ML_CP03_IND_materia02WP-ES-800x418.jpg 800w, https:\/\/controllab.com\/wp-content\/uploads\/congresso_virtual_SBPC-ML_CP03_IND_materia02WP-ES-64x33.jpg 64w, https:\/\/controllab.com\/wp-content\/uploads\/congresso_virtual_SBPC-ML_CP03_IND_materia02WP-ES-768x401.jpg 768w, https:\/\/controllab.com\/wp-content\/uploads\/congresso_virtual_SBPC-ML_CP03_IND_materia02WP-ES-260x136.jpg 260w, https:\/\/controllab.com\/wp-content\/uploads\/congresso_virtual_SBPC-ML_CP03_IND_materia02WP-ES-50x26.jpg 50w, https:\/\/controllab.com\/wp-content\/uploads\/congresso_virtual_SBPC-ML_CP03_IND_materia02WP-ES-144x75.jpg 144w\" sizes=\"(max-width:767px) 480px, (max-width:1024px) 100vw, 1024px\" \/><\/div>\n\t\t<\/a>\n\t\t\t\t<div class=\"elementor-post__text\">\n\t\t\t\t<h3 class=\"elementor-post__title\">\n\t\t\t<a href=\"https:\/\/controllab.com\/es\/indicadores-y-benchmarking-de-laboratorio-es-tema-del-curso-en-el-2do-congreso-virtual-de-sbpc-ml\/\">\n\t\t\t\tIndicadores y Benchmarking de Laboratorio es tema del curso en el 2do Congreso Virtual de SBPC\/ML\t\t\t<\/a>\n\t\t<\/h3>\n\t\t\t\t<\/div>\n\t\t\t\t<\/article>\n\t\t\t\t<\/div>\n\t\t\n\t\t\t\t\t\t<\/div>\n\t\t\t\t<\/div>\n\t\t\t\t\t<\/div>\n\t\t<\/div>\n\t\t\t\t\t<\/div>\n\t\t<\/section>\n\t\t\t\t<\/div>\n\t\t","protected":false},"excerpt":{"rendered":"<p>Un taller promovido por Controllab permitir\u00e1 a los participantes de la actividad acceder a informaci\u00f3n que contribuya a mejores decisiones en sus procesos anal\u00edticos El 9<\/p>\n","protected":false},"author":1,"featured_media":47881,"comment_status":"closed","ping_status":"closed","sticky":false,"template":"","format":"standard","meta":{"_acf_changed":false,"footnotes":""},"categories":[780,544,545],"tags":[690,665,673,686,902],"class_list":["post-47875","post","type-post","status-publish","format-standard","has-post-thumbnail","hentry","category-control-de-calidad","category-eventos-es","category-noticias-es","tag-control-de-calidad","tag-controllab-es","tag-controllab-es-2","tag-ensayo-de-aptitud","tag-sbpc-ml-es"],"acf":[],"_links":{"self":[{"href":"https:\/\/controllab.com\/es\/wp-json\/wp\/v2\/posts\/47875","targetHints":{"allow":["GET"]}}],"collection":[{"href":"https:\/\/controllab.com\/es\/wp-json\/wp\/v2\/posts"}],"about":[{"href":"https:\/\/controllab.com\/es\/wp-json\/wp\/v2\/types\/post"}],"author":[{"embeddable":true,"href":"https:\/\/controllab.com\/es\/wp-json\/wp\/v2\/users\/1"}],"replies":[{"embeddable":true,"href":"https:\/\/controllab.com\/es\/wp-json\/wp\/v2\/comments?post=47875"}],"version-history":[{"count":0,"href":"https:\/\/controllab.com\/es\/wp-json\/wp\/v2\/posts\/47875\/revisions"}],"wp:featuredmedia":[{"embeddable":true,"href":"https:\/\/controllab.com\/es\/wp-json\/wp\/v2\/media\/47881"}],"wp:attachment":[{"href":"https:\/\/controllab.com\/es\/wp-json\/wp\/v2\/media?parent=47875"}],"wp:term":[{"taxonomy":"category","embeddable":true,"href":"https:\/\/controllab.com\/es\/wp-json\/wp\/v2\/categories?post=47875"},{"taxonomy":"post_tag","embeddable":true,"href":"https:\/\/controllab.com\/es\/wp-json\/wp\/v2\/tags?post=47875"}],"curies":[{"name":"wp","href":"https:\/\/api.w.org\/{rel}","templated":true}]}}