{"id":51632,"date":"2021-10-13T10:09:08","date_gmt":"2021-10-13T13:09:08","guid":{"rendered":"https:\/\/controllab.com\/controllab-participara-en-el-evento-metrology-2021\/"},"modified":"2021-10-13T16:01:00","modified_gmt":"2021-10-13T19:01:00","slug":"controllab-participara-el-evento-metrology-2021","status":"publish","type":"post","link":"https:\/\/controllab.com\/es\/controllab-participara-el-evento-metrology-2021\/","title":{"rendered":"Controllab participar\u00e1 en el evento Metrolog\u00eda 2021"},"content":{"rendered":"\t\t<div data-elementor-type=\"wp-post\" data-elementor-id=\"51632\" class=\"elementor elementor-51632 elementor-51598\" data-elementor-post-type=\"post\">\n\t\t\t\t\t\t<section class=\"elementor-section elementor-top-section elementor-element elementor-element-24c165c8 elementor-section-boxed elementor-section-height-default elementor-section-height-default\" data-id=\"24c165c8\" data-element_type=\"section\" data-e-type=\"section\">\n\t\t\t\t\t\t<div class=\"elementor-container elementor-column-gap-default\">\n\t\t\t\t\t<div class=\"elementor-column elementor-col-100 elementor-top-column elementor-element elementor-element-4c1be07b\" data-id=\"4c1be07b\" data-element_type=\"column\" data-e-type=\"column\">\n\t\t\t<div class=\"elementor-widget-wrap elementor-element-populated\">\n\t\t\t\t\t\t<div class=\"elementor-element elementor-element-21855450 elementor-widget elementor-widget-text-editor\" data-id=\"21855450\" data-element_type=\"widget\" data-e-type=\"widget\" data-widget_type=\"text-editor.default\">\n\t\t\t\t<div class=\"elementor-widget-container\">\n\t\t\t\t\t\t\t\t\t<p><em>La empresa estar\u00e1 presente en el taller de Remeq-I, que es una de las actividades del evento y tiene como objetivo promover el intercambio de experiencias, la colaboraci\u00f3n t\u00e9cnica y la integraci\u00f3n de intereses<\/em><\/p>\n<p>La <a href=\"https:\/\/metrologia.org.br\/\" target=\"_blank\" rel=\"nofollow noopener\"><strong>Sociedad Brasile\u00f1a de Metrolog\u00eda (SBM)<\/strong><\/a>, el <a href=\"http:\/\/www.ird.gov.br\/\" target=\"_blank\" rel=\"noopener sponsored\"><strong>Instituto de Radioprotecci\u00f3n y Dosimetr\u00eda (IRD)<\/strong><\/a> e <a href=\"https:\/\/www.gov.br\/inmetro\/pt-br\/\" target=\"_blank\" rel=\"nofollow noopener\"><strong>Inmetro<\/strong><\/a> realizar\u00e1n el evento \u201c<a href=\"https:\/\/metrologia2021.org.br\/\" target=\"_blank\" rel=\"noopener sponsored\"><strong>Metrolog\u00eda 2021<\/strong><\/a>\u201d, entre el 18 y el 21 de octubre. El evento contar\u00e1 con seis actividades simult\u00e1neas en el \u00e1rea.<\/p>\n<p>En este evento se llevar\u00e1 a cabo el <a href=\"https:\/\/metrologia2021.org.br\/?page_id=920\" target=\"_blank\" rel=\"nofollow noopener\"><strong>VI Taller de la Red de Metrolog\u00eda Qu\u00edmica de Inmetro (Remeq-I)<\/strong><\/a>. Esta actividad tiene como objetivo reunir a los diversos profesionales de la metrolog\u00eda qu\u00edmica en Brasil con el objetivo de promover la integraci\u00f3n de intereses, el intercambio de experiencias y la colaboraci\u00f3n t\u00e9cnica.<\/p>\n<p>Dos mesas redondas integrar\u00e1n este taller. <a href=\"controllab.com\/es\"><strong>Controllab<\/strong><\/a> participa en la segunda del d\u00eda, con el tema \u201cHerramientas metrol\u00f3gicas para la calidad de los diagn\u00f3sticos <em>in vitro<\/em> de Covid-19\u201d. El Gerente de Ensayos Qu\u00edmicas, Vin\u00edcius Dias, participar\u00e1 en una discusi\u00f3n sobre la producci\u00f3n de Materiales de Referencia (MR) y ofrecimiento de Ensayos de Aptitud (EA) como acciones para garantizar la calidad de los diagn\u00f3sticos de Covid-19.<\/p>\n<p>\u201cControllab fue pionera en controles para Covid-19. La agilidad, el esp\u00edritu pionero y el compromiso con los laboratorios hicieron que el proveedor conquistara el primer reconocimiento NBR ISO \/ IEC 17043 para los principales m\u00e9todos. Compartir esta trayectoria, que implic\u00f3 varios desaf\u00edos, entre ellos desarrollar el control de calidad para Covid-19 mientras el propio sector aprend\u00eda con el diagn\u00f3stico de la enfermedad, ser\u00e1 enriquecedor para los participantes en la mesa\u201d, comenta Vin\u00edcius Dias.<\/p>\n<p>Adem\u00e1s de Controllab, <a href=\"https:\/\/pncq.org.br\/\" target=\"_blank\" rel=\"noopener sponsored\"><strong>PNCQ<\/strong><\/a>, <strong>Inmetro<\/strong> y el <a href=\"http:\/\/bcrj.org.br\/\" target=\"_blank\" rel=\"nofollow noopener\"><strong>Banco de C\u00e9lulas de R\u00edo de Janeiro<\/strong><\/a> estar\u00e1n presentes en esta actividad. Cada uno de los participantes har\u00e1 una breve presentaci\u00f3n de diez minutos, para que al final haya una discusi\u00f3n entre los mismos, abriendo la palabra a los espectadores para preguntas.<\/p>\n<h4><strong>\u00bfPor qu\u00e9 asistir al taller?<\/strong><\/h4>\n<p>Coordinado por la Dra. \u00c1urea Valadares, el taller se centrar\u00e1 en la producci\u00f3n de est\u00e1ndares\/Materiales de Referencia y la organizaci\u00f3n de comparaciones interlaboratorios\/Ensayos de Aptitud. Adem\u00e1s, la actividad tiene como objetivo plantear las principales dificultades a las que se enfrentan para que Remeq-I encuentre soluciones y alianzas que puedan ayudar a los laboratorios a superarlas.<\/p>\n<p>La <a href=\"https:\/\/www.gov.br\/inmetro\/pt-br\/assuntos\/metrologia-cientifica\/foruns-comites-e-redes\/rede-de-metrologia-quimica-do-inmetro-remeq-i\" target=\"_blank\" rel=\"nofollow noopener\"><strong>Red de Metrolog\u00eda Qu\u00edmica Inmetro<\/strong><\/a> (Remeq-I) tiene la misi\u00f3n de contribuir a la confiabilidad de las mediciones en qu\u00edmica en el pa\u00eds, difundiendo la cultura de la metrolog\u00eda, promoviendo el desarrollo y uso de Material de Referencia, Material de Referencia Certificado, provisi\u00f3n de Ensayos de Aptitud y cooperaci\u00f3n entre sus miembros para dotar al sector productivo de condiciones para mejorar la calidad de productos y servicios.<\/p>\n<p>El Taller ser\u00e1 virtual y la mesa redonda con la participaci\u00f3n de Controllab se llevar\u00e1 a cabo el 21 de octubre de 2021 desde las 05:00pm hasta las 06:30pm. Las inscripciones se pueden realizar a trav\u00e9s de <a href=\"https:\/\/metrologia2021.org.br\/?page_id=661\" target=\"_blank\" rel=\"noopener sponsored\"><strong>este enlace<\/strong><\/a>.<\/p>\n\t\t\t\t\t\t\t\t<\/div>\n\t\t\t\t<\/div>\n\t\t\t\t\t<\/div>\n\t\t<\/div>\n\t\t\t\t\t<\/div>\n\t\t<\/section>\n\t\t\t\t<section class=\"elementor-section elementor-top-section elementor-element elementor-element-2d94408f elementor-section-stretched elementor-section-boxed elementor-section-height-default elementor-section-height-default\" data-id=\"2d94408f\" data-element_type=\"section\" data-e-type=\"section\" data-settings=\"{&quot;stretch_section&quot;:&quot;section-stretched&quot;}\">\n\t\t\t\t\t\t<div class=\"elementor-container elementor-column-gap-default\">\n\t\t\t\t\t<div class=\"elementor-column elementor-col-100 elementor-top-column elementor-element elementor-element-68c63300\" data-id=\"68c63300\" data-element_type=\"column\" data-e-type=\"column\">\n\t\t\t<div class=\"elementor-widget-wrap elementor-element-populated\">\n\t\t\t\t\t\t<div class=\"elementor-element elementor-element-2c807763 elementor-widget elementor-widget-heading\" data-id=\"2c807763\" data-element_type=\"widget\" data-e-type=\"widget\" data-widget_type=\"heading.default\">\n\t\t\t\t<div class=\"elementor-widget-container\">\n\t\t\t\t\t<h2 class=\"elementor-heading-title elementor-size-default\">Noticias relacionadas<\/h2>\t\t\t\t<\/div>\n\t\t\t\t<\/div>\n\t\t\t\t<div class=\"elementor-element elementor-element-188c7dda elementor-grid-3 elementor-grid-tablet-2 elementor-grid-mobile-1 elementor-posts--thumbnail-top elementor-widget elementor-widget-posts\" data-id=\"188c7dda\" data-element_type=\"widget\" data-e-type=\"widget\" data-settings=\"{&quot;classic_columns&quot;:&quot;3&quot;,&quot;classic_columns_tablet&quot;:&quot;2&quot;,&quot;classic_columns_mobile&quot;:&quot;1&quot;,&quot;classic_row_gap&quot;:{&quot;unit&quot;:&quot;px&quot;,&quot;size&quot;:35,&quot;sizes&quot;:[]},&quot;classic_row_gap_tablet&quot;:{&quot;unit&quot;:&quot;px&quot;,&quot;size&quot;:&quot;&quot;,&quot;sizes&quot;:[]},&quot;classic_row_gap_mobile&quot;:{&quot;unit&quot;:&quot;px&quot;,&quot;size&quot;:&quot;&quot;,&quot;sizes&quot;:[]}}\" data-widget_type=\"posts.classic\">\n\t\t\t\t<div class=\"elementor-widget-container\">\n\t\t\t\t\t\t\t<div class=\"elementor-posts-container elementor-posts elementor-posts--skin-classic elementor-grid\" role=\"list\">\n\t\t\t\t<article class=\"elementor-post elementor-grid-item post-51531 post type-post status-publish format-standard has-post-thumbnail hentry category-ensayo-de-aptitud category-eventos-es tag-controllab-es tag-controllab-es-2 tag-ensayo-de-aptitud tag-metrologia-2021-es\" role=\"listitem\">\n\t\t\t\t<a class=\"elementor-post__thumbnail__link\" href=\"https:\/\/controllab.com\/es\/controllab-11o-congreso-brasileno-de-metrologia\/\" tabindex=\"-1\">\n\t\t\t<div class=\"elementor-post__thumbnail\"><img fetchpriority=\"high\" decoding=\"async\" width=\"1024\" height=\"535\" src=\"https:\/\/controllab.com\/wp-content\/uploads\/WP-ES-2.png\" class=\"attachment-full size-full wp-image-52122\" alt=\"Control\" srcset=\"https:\/\/controllab.com\/wp-content\/uploads\/WP-ES-2.png 1024w, https:\/\/controllab.com\/wp-content\/uploads\/WP-ES-2-800x418.png 800w, https:\/\/controllab.com\/wp-content\/uploads\/WP-ES-2-768x401.png 768w, https:\/\/controllab.com\/wp-content\/uploads\/WP-ES-2-260x136.png 260w, https:\/\/controllab.com\/wp-content\/uploads\/WP-ES-2-50x26.png 50w, https:\/\/controllab.com\/wp-content\/uploads\/WP-ES-2-144x75.png 144w, https:\/\/controllab.com\/wp-content\/uploads\/WP-ES-2-64x33.png 64w\" sizes=\"(max-width:767px) 480px, (max-width:1024px) 100vw, 1024px\" \/><\/div>\n\t\t<\/a>\n\t\t\t\t<div class=\"elementor-post__text\">\n\t\t\t\t<h3 class=\"elementor-post__title\">\n\t\t\t<a href=\"https:\/\/controllab.com\/es\/controllab-11o-congreso-brasileno-de-metrologia\/\">\n\t\t\t\tControllab estar\u00e1 presente en el 11\u00ba Congreso Brasile\u00f1o de Metrolog\u00eda\t\t\t<\/a>\n\t\t<\/h3>\n\t\t\t\t<\/div>\n\t\t\t\t<\/article>\n\t\t\t\t<article class=\"elementor-post elementor-grid-item post-19704 page type-page status-publish has-post-thumbnail hentry\" role=\"listitem\">\n\t\t\t\t<a class=\"elementor-post__thumbnail__link\" href=\"https:\/\/controllab.com\/es\/soluciones\/materiales-de-referencia-certificados\/\" tabindex=\"-1\">\n\t\t\t<div class=\"elementor-post__thumbnail\"><img decoding=\"async\" width=\"1024\" height=\"535\" src=\"https:\/\/controllab.com\/wp-content\/uploads\/destaque_MRC_es.jpg\" class=\"attachment-full size-full wp-image-84968\" alt=\"\" srcset=\"https:\/\/controllab.com\/wp-content\/uploads\/destaque_MRC_es.jpg 1024w, https:\/\/controllab.com\/wp-content\/uploads\/destaque_MRC_es-800x418.jpg 800w, https:\/\/controllab.com\/wp-content\/uploads\/destaque_MRC_es-768x401.jpg 768w, https:\/\/controllab.com\/wp-content\/uploads\/destaque_MRC_es-260x136.jpg 260w, https:\/\/controllab.com\/wp-content\/uploads\/destaque_MRC_es-50x26.jpg 50w, https:\/\/controllab.com\/wp-content\/uploads\/destaque_MRC_es-144x75.jpg 144w\" sizes=\"(max-width:767px) 480px, (max-width:1024px) 100vw, 1024px\" \/><\/div>\n\t\t<\/a>\n\t\t\t\t<div class=\"elementor-post__text\">\n\t\t\t\t<h3 class=\"elementor-post__title\">\n\t\t\t<a href=\"https:\/\/controllab.com\/es\/soluciones\/materiales-de-referencia-certificados\/\">\n\t\t\t\tMateriales de Referencia Certificados\t\t\t<\/a>\n\t\t<\/h3>\n\t\t\t\t<\/div>\n\t\t\t\t<\/article>\n\t\t\t\t<\/div>\n\t\t\n\t\t\t\t\t\t<\/div>\n\t\t\t\t<\/div>\n\t\t\t\t\t<\/div>\n\t\t<\/div>\n\t\t\t\t\t<\/div>\n\t\t<\/section>\n\t\t\t\t<\/div>\n\t\t","protected":false},"excerpt":{"rendered":"<p>La empresa estar\u00e1 presente en el taller de Remeq-I, que es una de las actividades del evento y tiene como objetivo promover el intercambio de experiencias,<\/p>\n","protected":false},"author":1,"featured_media":51636,"comment_status":"closed","ping_status":"closed","sticky":false,"template":"","format":"standard","meta":{"_acf_changed":false,"footnotes":""},"categories":[544],"tags":[665,673,1040],"class_list":["post-51632","post","type-post","status-publish","format-standard","has-post-thumbnail","hentry","category-eventos-es","tag-controllab-es","tag-controllab-es-2","tag-metrologia-2021-es"],"acf":[],"_links":{"self":[{"href":"https:\/\/controllab.com\/es\/wp-json\/wp\/v2\/posts\/51632","targetHints":{"allow":["GET"]}}],"collection":[{"href":"https:\/\/controllab.com\/es\/wp-json\/wp\/v2\/posts"}],"about":[{"href":"https:\/\/controllab.com\/es\/wp-json\/wp\/v2\/types\/post"}],"author":[{"embeddable":true,"href":"https:\/\/controllab.com\/es\/wp-json\/wp\/v2\/users\/1"}],"replies":[{"embeddable":true,"href":"https:\/\/controllab.com\/es\/wp-json\/wp\/v2\/comments?post=51632"}],"version-history":[{"count":0,"href":"https:\/\/controllab.com\/es\/wp-json\/wp\/v2\/posts\/51632\/revisions"}],"wp:featuredmedia":[{"embeddable":true,"href":"https:\/\/controllab.com\/es\/wp-json\/wp\/v2\/media\/51636"}],"wp:attachment":[{"href":"https:\/\/controllab.com\/es\/wp-json\/wp\/v2\/media?parent=51632"}],"wp:term":[{"taxonomy":"category","embeddable":true,"href":"https:\/\/controllab.com\/es\/wp-json\/wp\/v2\/categories?post=51632"},{"taxonomy":"post_tag","embeddable":true,"href":"https:\/\/controllab.com\/es\/wp-json\/wp\/v2\/tags?post=51632"}],"curies":[{"name":"wp","href":"https:\/\/api.w.org\/{rel}","templated":true}]}}